{"id":1801,"date":"2026-04-30T09:12:35","date_gmt":"2026-04-30T12:12:35","guid":{"rendered":"https:\/\/ciram.epagri.sc.gov.br\/?p=1801"},"modified":"2026-04-30T09:17:16","modified_gmt":"2026-04-30T12:17:16","slug":"inicio-da-pesca-da-tainha-de-2026-em-sc","status":"publish","type":"post","link":"https:\/\/ciram.epagri.sc.gov.br\/index.php\/2026\/04\/30\/inicio-da-pesca-da-tainha-de-2026-em-sc\/","title":{"rendered":"In\u00edcio da pesca da tainha de 2026, em SC"},"content":{"rendered":"\n<p>As condi\u00e7\u00f5es favor\u00e1veis \u00e0 pesca da tainha devem ocorrer nos primeiros dias de maio deste ano. Entre os dias 01 e 02\/05, a atua\u00e7\u00e3o mais persistente do vento sul favorece a sa\u00edda dos cardumes do estu\u00e1rio da Bacia do Prata. No dia 03\/05, o vento sul diminuiu e vira para leste\/nordeste. Estas condi\u00e7\u00f5es indicam que os primeiros lan\u00e7os de tainha podem ocorrem logo no in\u00edcio da safra.<\/p>\n\n\n\n<p>Na costa de Santa Catarina, a temperatura da superf\u00edcie do mar (TSM) est\u00e1 entre 22\u00b0C e 25\u00b0C, enquanto no estu\u00e1rio do Prata a TSM est\u00e1 em torno de 18\u00b0C, favorecendo a sa\u00edda das tainhas daquele estu\u00e1rio. Durante o outono, a TSM deve diminuir, propiciando melhores condi\u00e7\u00f5es para a sa\u00edda dos cardumes da Lagoa dos Patos tamb\u00e9m, o que favorece a captura no litoral de SC.<\/p>\n\n\n\n<p>Neste ano, o que determinar\u00e1 uma boa safra de tainha ser\u00e1 a frequ\u00eancia dos fen\u00f4menos meteorol\u00f3gicos e oceanogr\u00e1ficos durante o per\u00edodo da pesca, bem como a presen\u00e7a das tainhas nos ambientes estuarinos (Lagoa dos Patos e Bacia do Prata). Esperamos e torcemos por uma excelente safra em maio e junho de 2025.<\/p>\n\n\n\n<p><strong>Argeu Vanz \u2013 Ocean\u00f3logo<\/strong><br><strong>Gils\u00e2nia Cruz \u2013 Meteorologista<\/strong><\/p>\n\n\n\n<p><strong>Epagri\/Ciram<\/strong><\/p>\n\n\n\n<p><\/p>\n","protected":false},"excerpt":{"rendered":"<p>As condi\u00e7\u00f5es favor\u00e1veis \u00e0 pesca da tainha devem ocorrer nos primeiros dias de maio deste ano. Entre os dias 01 e 02\/05, a atua\u00e7\u00e3o mais persistente do vento sul favorece a sa\u00edda dos cardumes do estu\u00e1rio da Bacia do Prata. No dia 03\/05, o vento sul diminuiu e vira para leste\/nordeste. Estas condi\u00e7\u00f5es indicam que [&hellip;]<\/p>\n","protected":false},"author":17,"featured_media":48810,"comment_status":"closed","ping_status":"closed","sticky":false,"template":"","format":"standard","meta":{"ocean_post_layout":"","ocean_both_sidebars_style":"","ocean_both_sidebars_content_width":0,"ocean_both_sidebars_sidebars_width":0,"ocean_sidebar":"0","ocean_second_sidebar":"0","ocean_disable_margins":"enable","ocean_add_body_class":"","ocean_shortcode_before_top_bar":"","ocean_shortcode_after_top_bar":"","ocean_shortcode_before_header":"","ocean_shortcode_after_header":"","ocean_has_shortcode":"","ocean_shortcode_after_title":"","ocean_shortcode_before_footer_widgets":"","ocean_shortcode_after_footer_widgets":"","ocean_shortcode_before_footer_bottom":"","ocean_shortcode_after_footer_bottom":"","ocean_display_top_bar":"default","ocean_display_header":"default","ocean_header_style":"","ocean_center_header_left_menu":"0","ocean_custom_header_template":"0","ocean_custom_logo":0,"ocean_custom_retina_logo":0,"ocean_custom_logo_max_width":0,"ocean_custom_logo_tablet_max_width":0,"ocean_custom_logo_mobile_max_width":0,"ocean_custom_logo_max_height":0,"ocean_custom_logo_tablet_max_height":0,"ocean_custom_logo_mobile_max_height":0,"ocean_header_custom_menu":"0","ocean_menu_typo_font_family":"0","ocean_menu_typo_font_subset":"","ocean_menu_typo_font_size":0,"ocean_menu_typo_font_size_tablet":0,"ocean_menu_typo_font_size_mobile":0,"ocean_menu_typo_font_size_unit":"px","ocean_menu_typo_font_weight":"","ocean_menu_typo_font_weight_tablet":"","ocean_menu_typo_font_weight_mobile":"","ocean_menu_typo_transform":"","ocean_menu_typo_transform_tablet":"","ocean_menu_typo_transform_mobile":"","ocean_menu_typo_line_height":0,"ocean_menu_typo_line_height_tablet":0,"ocean_menu_typo_line_height_mobile":0,"ocean_menu_typo_line_height_unit":"","ocean_menu_typo_spacing":0,"ocean_menu_typo_spacing_tablet":0,"ocean_menu_typo_spacing_mobile":0,"ocean_menu_typo_spacing_unit":"","ocean_menu_link_color":"","ocean_menu_link_color_hover":"","ocean_menu_link_color_active":"","ocean_menu_link_background":"","ocean_menu_link_hover_background":"","ocean_menu_link_active_background":"","ocean_menu_social_links_bg":"","ocean_menu_social_hover_links_bg":"","ocean_menu_social_links_color":"","ocean_menu_social_hover_links_color":"","ocean_disable_title":"default","ocean_disable_heading":"default","ocean_post_title":"","ocean_post_subheading":"","ocean_post_title_style":"","ocean_post_title_background_color":"","ocean_post_title_background":0,"ocean_post_title_bg_image_position":"","ocean_post_title_bg_image_attachment":"","ocean_post_title_bg_image_repeat":"","ocean_post_title_bg_image_size":"","ocean_post_title_height":0,"ocean_post_title_bg_overlay":0.5,"ocean_post_title_bg_overlay_color":"","ocean_disable_breadcrumbs":"default","ocean_breadcrumbs_color":"","ocean_breadcrumbs_separator_color":"","ocean_breadcrumbs_links_color":"","ocean_breadcrumbs_links_hover_color":"","ocean_display_footer_widgets":"default","ocean_display_footer_bottom":"default","ocean_custom_footer_template":"0","ocean_post_oembed":"","ocean_post_self_hosted_media":"","ocean_post_video_embed":"","ocean_link_format":"","ocean_link_format_target":"self","ocean_quote_format":"","ocean_quote_format_link":"post","ocean_gallery_link_images":"off","ocean_gallery_id":[],"footnotes":""},"categories":[13,5],"tags":[],"class_list":["post-1801","post","type-post","status-publish","format-standard","has-post-thumbnail","hentry","category-notas-maritimas","category-publicacoes","entry","has-media"],"_links":{"self":[{"href":"https:\/\/ciram.epagri.sc.gov.br\/index.php\/wp-json\/wp\/v2\/posts\/1801","targetHints":{"allow":["GET"]}}],"collection":[{"href":"https:\/\/ciram.epagri.sc.gov.br\/index.php\/wp-json\/wp\/v2\/posts"}],"about":[{"href":"https:\/\/ciram.epagri.sc.gov.br\/index.php\/wp-json\/wp\/v2\/types\/post"}],"author":[{"embeddable":true,"href":"https:\/\/ciram.epagri.sc.gov.br\/index.php\/wp-json\/wp\/v2\/users\/17"}],"replies":[{"embeddable":true,"href":"https:\/\/ciram.epagri.sc.gov.br\/index.php\/wp-json\/wp\/v2\/comments?post=1801"}],"version-history":[{"count":3,"href":"https:\/\/ciram.epagri.sc.gov.br\/index.php\/wp-json\/wp\/v2\/posts\/1801\/revisions"}],"predecessor-version":[{"id":48809,"href":"https:\/\/ciram.epagri.sc.gov.br\/index.php\/wp-json\/wp\/v2\/posts\/1801\/revisions\/48809"}],"wp:featuredmedia":[{"embeddable":true,"href":"https:\/\/ciram.epagri.sc.gov.br\/index.php\/wp-json\/wp\/v2\/media\/48810"}],"wp:attachment":[{"href":"https:\/\/ciram.epagri.sc.gov.br\/index.php\/wp-json\/wp\/v2\/media?parent=1801"}],"wp:term":[{"taxonomy":"category","embeddable":true,"href":"https:\/\/ciram.epagri.sc.gov.br\/index.php\/wp-json\/wp\/v2\/categories?post=1801"},{"taxonomy":"post_tag","embeddable":true,"href":"https:\/\/ciram.epagri.sc.gov.br\/index.php\/wp-json\/wp\/v2\/tags?post=1801"}],"curies":[{"name":"wp","href":"https:\/\/api.w.org\/{rel}","templated":true}]}}