{"id":20686,"date":"2026-08-31T14:17:52","date_gmt":"2026-08-31T17:17:52","guid":{"rendered":"https:\/\/ciram.epagri.sc.gov.br\/?p=20686"},"modified":"2026-08-31T14:17:52","modified_gmt":"2026-08-31T17:17:52","slug":"climatica","status":"publish","type":"post","link":"https:\/\/ciram.epagri.sc.gov.br\/index.php\/2026\/08\/31\/climatica\/","title":{"rendered":"Primavera com El Ni\u00f1o: chuva e temperatura acima da m\u00e9dia\u00a0"},"content":{"rendered":"\n<p class=\"has-text-align-center wp-block-paragraph\"><strong>PREVIS\u00c3O CLIM\u00c1TICA TRIMESTRAL PARA SANTA CATARINA<\/strong><\/p>\n\n\n\n<p class=\"has-text-align-center wp-block-paragraph\">Setembro, outubro e novembro de 2026<br><\/p>\n\n\n\n<p class=\"wp-block-paragraph\"><strong><em>In\u00edcio da primavera no Hemisf\u00e9rio Sul: 22 de setembro \u00e0s 21h05<\/em><\/strong><\/p>\n\n\n\n<p class=\"wp-block-paragraph\"><strong>Precipita\u00e7\u00e3o:<\/strong><\/p>\n\n\n\n<p class=\"wp-block-paragraph\">No trimestre, a previs\u00e3o \u00e9 de <strong>chuva acima da m\u00e9dia climatol\u00f3gica<\/strong>, com indicativo de aumento e volumes mais expressivos nos pr\u00f3ximos meses, sobretudo em outubro e novembro.<\/p>\n\n\n\n<p class=\"wp-block-paragraph\"><strong>Destaque:<\/strong> no per\u00edodo, as frentes frias e os sistemas inst\u00e1veis devem atuar com maior frequ\u00eancia e intensidade em SC, associados a chuva forte e totais elevados em curto intervalo de tempo, temporais com forte atividade el\u00e9trica (raios), granizo e vendavais, com potencial para tempestades severas em alguns eventos. Acompanhe a atualiza\u00e7\u00e3o dos avisos meteorol\u00f3gicos di\u00e1rios na p\u00e1gina da Epagri\/Ciram e nas redes sociais.<\/p>\n\n\n\n<p class=\"wp-block-paragraph\"><strong>Climatologia (m\u00e9dia hist\u00f3rica):<\/strong>&nbsp;<\/p>\n\n\n\n<p class=\"wp-block-paragraph\">Setembro e outubro marcam a transi\u00e7\u00e3o do inverno para o ver\u00e3o, com totais mensais elevados especialmente em outubro e no oeste de SC. A chuva ocorre associada \u00e0 passagem de frentes frias, sistemas de baixa press\u00e3o e a Sistemas Convectivos de Mesoescala (SCM), mais comuns na primavera e com maior influ\u00eancia no Extremo Oeste, Oeste e Meio-Oeste de SC. Na segunda quinzena de novembro as pancadas de chuva de ver\u00e3o, associadas \u00e0 convec\u00e7\u00e3o da tarde, passam a ocorrer com mais frequ\u00eancia em todo o Estado.<\/p>\n\n\n\n<p class=\"wp-block-paragraph\">Em setembro os totais de chuva variam de <strong>150<\/strong> a <strong>210 mm<\/strong> no Extremo Oeste, Oeste e Meio-Oeste e de <strong>110<\/strong> a <strong>170 mm<\/strong> nas demais regi\u00f5es. Em outubro os volumes de chuva s\u00e3o os mais elevados do trimestre e variam de <strong>210<\/strong> a <strong>280 mm<\/strong> no Extremo Oeste, Oeste e Meio-Oeste e de <strong>140<\/strong> a <strong>180 mm<\/strong> nas demais regi\u00f5es. Em novembro a chuva ocorre em SC com totais de <strong>130<\/strong> a <strong>180 mm<\/strong> em m\u00e9dia.&nbsp;&nbsp;<\/p>\n\n\n\n<p class=\"wp-block-paragraph\">Os <strong>ciclones extratropicais<\/strong> atuam no litoral da Argentina, Uruguai e Sul do Brasil, especialmente em setembro e outubro, trazendo perigo \u00e0s embarca\u00e7\u00f5es, com ventos fortes e mar agitado, que muitas vezes resultam em ressaca.&nbsp;<\/p>\n\n\n\n<p class=\"wp-block-paragraph\"><strong>Nevoeiros<\/strong> associados \u00e0 nebulosidade baixa, com redu\u00e7\u00e3o de visibilidade, tamb\u00e9m s\u00e3o esperados para as noites, madrugadas e amanhecer dessa esta\u00e7\u00e3o.<\/p>\n\n\n\n<p class=\"wp-block-paragraph\"><strong>Temperatura:<\/strong><\/p>\n\n\n\n<p class=\"wp-block-paragraph\">No trimestre, a previs\u00e3o \u00e9 de <strong>temperatura acima da m\u00e9dia<\/strong> <strong>climatol\u00f3gica<\/strong>, com temperatura amena e pr\u00f3xima da m\u00e9dia em setembro e com aquecimento em outubro e novembro, com epis\u00f3dios de veranicos mais frequentes.&nbsp;<\/p>\n\n\n\n<p class=\"wp-block-paragraph\">Destaque:<strong> <\/strong>o El Ni\u00f1o deixa os epis\u00f3dios de frio intenso escassos nos pr\u00f3ximos meses e os per\u00edodos aquecidos ser\u00e3o mais frequentes. No entanto, algumas massas de ar frio podem chegar ao Sul do Brasil provocando frio com forma\u00e7\u00e3o de geada isolada em SC, especialmente no Planalto Sul, em setembro e, se acompanhado de umidade, pode ocasionar epis\u00f3dio de neve nas \u00e1reas altas da regi\u00e3o. Nos pr\u00f3ximos meses h\u00e1 mais chance de veranicos, com dias consecutivos de temperatura elevada (acima de 30\u00baC).&nbsp;<\/p>\n\n\n\n<p class=\"wp-block-paragraph\"><strong>Temperatura da Superf\u00edcie do Mar (TSM):<\/strong><\/p>\n\n\n\n<p class=\"wp-block-paragraph\">Em julho e agosto de 2026 o aquecimento persistiu e se intensificou na regi\u00e3o de monitoramento do ENOS no Pac\u00edfico Equatorial (Figuras 1 e 2), com anomalia positiva de 1,5\u00b0C a 2,5\u00b0C no El Ni\u00f1o 3.4 e acima de 3,0\u00b0C na regi\u00e3o do Ni\u00f1o 1+2 (Figura 2). O fen\u00f4meno <strong>El Ni\u00f1o <\/strong>est\u00e1 configurado, com as<strong> <\/strong>condi\u00e7\u00f5es atmosf\u00e9ricas e oce\u00e2nicas j\u00e1 acopladas.<\/p>\n\n\n\n<p class=\"wp-block-paragraph\">Nos pr\u00f3ximos meses, a previs\u00e3o \u00e9 de El Ni\u00f1o de intensidade muito forte nos meses de primavera, com previs\u00e3o de persistir at\u00e9 o in\u00edcio do outono de 2027. Os meteorologistas de SC seguem acompanhando o fen\u00f4meno e os potenciais efeitos no estado.<\/p>\n\n\n\n<figure class=\"wp-block-image size-large\"><img fetchpriority=\"high\" decoding=\"async\" width=\"1024\" height=\"768\" src=\"https:\/\/ciram.epagri.sc.gov.br\/wp-content\/uploads\/2026\/07\/image-1024x768.png\" alt=\"\" class=\"wp-image-53222\" srcset=\"https:\/\/ciram.epagri.sc.gov.br\/wp-content\/uploads\/2026\/07\/image-1024x768.png 1024w, https:\/\/ciram.epagri.sc.gov.br\/wp-content\/uploads\/2026\/07\/image-300x225.png 300w, https:\/\/ciram.epagri.sc.gov.br\/wp-content\/uploads\/2026\/07\/image-768x576.png 768w, https:\/\/ciram.epagri.sc.gov.br\/wp-content\/uploads\/2026\/07\/image-1536x1152.png 1536w, https:\/\/ciram.epagri.sc.gov.br\/wp-content\/uploads\/2026\/07\/image.png 1600w\" sizes=\"(max-width: 1024px) 100vw, 1024px\" \/><\/figure>\n\n\n\n<p class=\"wp-block-paragraph\"><strong>Figura 1 &#8211;<\/strong> Anomalia de TSM em julho de 2026. Fonte: IFSC.<\/p>\n\n\n\n<figure class=\"wp-block-image size-large\"><img decoding=\"async\" width=\"1024\" height=\"768\" src=\"https:\/\/ciram.epagri.sc.gov.br\/wp-content\/uploads\/2026\/08\/image-8-1024x768.png\" alt=\"\" class=\"wp-image-53225\" srcset=\"https:\/\/ciram.epagri.sc.gov.br\/wp-content\/uploads\/2026\/08\/image-8-1024x768.png 1024w, https:\/\/ciram.epagri.sc.gov.br\/wp-content\/uploads\/2026\/08\/image-8-300x225.png 300w, https:\/\/ciram.epagri.sc.gov.br\/wp-content\/uploads\/2026\/08\/image-8-768x576.png 768w, https:\/\/ciram.epagri.sc.gov.br\/wp-content\/uploads\/2026\/08\/image-8-1536x1152.png 1536w, https:\/\/ciram.epagri.sc.gov.br\/wp-content\/uploads\/2026\/08\/image-8.png 1600w\" sizes=\"(max-width: 1024px) 100vw, 1024px\" \/><\/figure>\n\n\n\n<p class=\"wp-block-paragraph\"><strong>Figura 2 &#8211;<\/strong> Anomalia de TSM entre 01 e 25 de agosto de 2026. Fonte: IFSC.<\/p>\n\n\n\n<p class=\"wp-block-paragraph\"><strong>Elabora\u00e7\u00e3o do boletim: Gils\u00e2nia Cruz e Marilene de Lima (Meteorologistas).<\/strong><\/p>\n\n\n\n<p class=\"wp-block-paragraph\">Previs\u00e3o do F\u00f3rum Clim\u00e1tico: EPAGRI\/CIRAM, IFSC, CIGERD, ALERTABLU e UFRGS.<\/p>\n\n\n\n<p class=\"wp-block-paragraph\"><\/p>\n","protected":false},"excerpt":{"rendered":"<p>PREVIS\u00c3O CLIM\u00c1TICA TRIMESTRAL PARA SANTA CATARINA Setembro, outubro e novembro de 2026 In\u00edcio da primavera no Hemisf\u00e9rio Sul: 22 de setembro \u00e0s 21h05 Precipita\u00e7\u00e3o: No trimestre, a previs\u00e3o \u00e9 de chuva acima da m\u00e9dia climatol\u00f3gica, com indicativo de aumento e volumes mais expressivos nos pr\u00f3ximos meses, sobretudo em outubro e novembro. Destaque: no per\u00edodo, as [&hellip;]<\/p>\n","protected":false},"author":9,"featured_media":52332,"comment_status":"closed","ping_status":"closed","sticky":false,"template":"","format":"standard","meta":{"ocean_front_end_style_editor":"no","ocean_post_layout":"","ocean_both_sidebars_style":"","ocean_both_sidebars_content_width":0,"ocean_both_sidebars_sidebars_width":0,"ocean_sidebar":"","ocean_second_sidebar":"","ocean_disable_margins":"enable","ocean_add_body_class":"","ocean_shortcode_before_top_bar":"","ocean_shortcode_after_top_bar":"","ocean_shortcode_before_header":"","ocean_shortcode_after_header":"","ocean_has_shortcode":"","ocean_shortcode_after_title":"","ocean_shortcode_before_footer_widgets":"","ocean_shortcode_after_footer_widgets":"","ocean_shortcode_before_footer_bottom":"","ocean_shortcode_after_footer_bottom":"","ocean_display_top_bar":"default","ocean_display_header":"default","ocean_header_style":"","ocean_center_header_left_menu":"","ocean_custom_header_template":"","ocean_custom_logo":0,"ocean_custom_retina_logo":0,"ocean_custom_logo_max_width":0,"ocean_custom_logo_tablet_max_width":0,"ocean_custom_logo_mobile_max_width":0,"ocean_custom_logo_max_height":0,"ocean_custom_logo_tablet_max_height":0,"ocean_custom_logo_mobile_max_height":0,"ocean_header_custom_menu":"","ocean_menu_typo_font_family":"","ocean_menu_typo_font_subset":"","ocean_menu_typo_font_size":0,"ocean_menu_typo_font_size_tablet":0,"ocean_menu_typo_font_size_mobile":0,"ocean_menu_typo_font_size_unit":"px","ocean_menu_typo_font_weight":"","ocean_menu_typo_font_weight_tablet":"","ocean_menu_typo_font_weight_mobile":"","ocean_menu_typo_transform":"","ocean_menu_typo_transform_tablet":"","ocean_menu_typo_transform_mobile":"","ocean_menu_typo_line_height":0,"ocean_menu_typo_line_height_tablet":0,"ocean_menu_typo_line_height_mobile":0,"ocean_menu_typo_line_height_unit":"","ocean_menu_typo_spacing":0,"ocean_menu_typo_spacing_tablet":0,"ocean_menu_typo_spacing_mobile":0,"ocean_menu_typo_spacing_unit":"","ocean_menu_link_color":"","ocean_menu_link_color_hover":"","ocean_menu_link_color_active":"","ocean_menu_link_background":"","ocean_menu_link_hover_background":"","ocean_menu_link_active_background":"","ocean_menu_social_links_bg":"","ocean_menu_social_hover_links_bg":"","ocean_menu_social_links_color":"","ocean_menu_social_hover_links_color":"","ocean_disable_title":"default","ocean_disable_heading":"default","ocean_post_title":"","ocean_post_subheading":"","ocean_post_title_style":"","ocean_post_title_background_color":"","ocean_post_title_background":0,"ocean_post_title_bg_image_position":"","ocean_post_title_bg_image_attachment":"","ocean_post_title_bg_image_repeat":"","ocean_post_title_bg_image_size":"","ocean_post_title_height":0,"ocean_post_title_bg_overlay":0.5,"ocean_post_title_bg_overlay_color":"","ocean_disable_breadcrumbs":"default","ocean_breadcrumbs_color":"","ocean_breadcrumbs_separator_color":"","ocean_breadcrumbs_links_color":"","ocean_breadcrumbs_links_hover_color":"","ocean_display_footer_widgets":"default","ocean_display_footer_bottom":"default","ocean_custom_footer_template":"","ocean_post_oembed":"","ocean_post_self_hosted_media":"","ocean_post_video_embed":"","ocean_link_format":"","ocean_link_format_target":"self","ocean_quote_format":"","ocean_quote_format_link":"post","ocean_gallery_link_images":"off","ocean_gallery_id":[],"footnotes":""},"categories":[17],"tags":[],"class_list":["post-20686","post","type-post","status-publish","format-standard","has-post-thumbnail","hentry","category-previsao-climatica","entry","has-media"],"_links":{"self":[{"href":"https:\/\/ciram.epagri.sc.gov.br\/index.php\/wp-json\/wp\/v2\/posts\/20686","targetHints":{"allow":["GET"]}}],"collection":[{"href":"https:\/\/ciram.epagri.sc.gov.br\/index.php\/wp-json\/wp\/v2\/posts"}],"about":[{"href":"https:\/\/ciram.epagri.sc.gov.br\/index.php\/wp-json\/wp\/v2\/types\/post"}],"author":[{"embeddable":true,"href":"https:\/\/ciram.epagri.sc.gov.br\/index.php\/wp-json\/wp\/v2\/users\/9"}],"replies":[{"embeddable":true,"href":"https:\/\/ciram.epagri.sc.gov.br\/index.php\/wp-json\/wp\/v2\/comments?post=20686"}],"version-history":[{"count":107,"href":"https:\/\/ciram.epagri.sc.gov.br\/index.php\/wp-json\/wp\/v2\/posts\/20686\/revisions"}],"predecessor-version":[{"id":53226,"href":"https:\/\/ciram.epagri.sc.gov.br\/index.php\/wp-json\/wp\/v2\/posts\/20686\/revisions\/53226"}],"wp:featuredmedia":[{"embeddable":true,"href":"https:\/\/ciram.epagri.sc.gov.br\/index.php\/wp-json\/wp\/v2\/media\/52332"}],"wp:attachment":[{"href":"https:\/\/ciram.epagri.sc.gov.br\/index.php\/wp-json\/wp\/v2\/media?parent=20686"}],"wp:term":[{"taxonomy":"category","embeddable":true,"href":"https:\/\/ciram.epagri.sc.gov.br\/index.php\/wp-json\/wp\/v2\/categories?post=20686"},{"taxonomy":"post_tag","embeddable":true,"href":"https:\/\/ciram.epagri.sc.gov.br\/index.php\/wp-json\/wp\/v2\/tags?post=20686"}],"curies":[{"name":"wp","href":"https:\/\/api.w.org\/{rel}","templated":true}]}}