{"id":20686,"date":"2026-04-29T17:19:26","date_gmt":"2026-04-29T20:19:26","guid":{"rendered":"https:\/\/ciram.epagri.sc.gov.br\/?p=20686"},"modified":"2026-04-29T17:19:26","modified_gmt":"2026-04-29T20:19:26","slug":"climatica","status":"publish","type":"post","link":"https:\/\/ciram.epagri.sc.gov.br\/index.php\/2026\/04\/29\/climatica\/","title":{"rendered":"Pouco frio em SC, com El Ni\u00f1o no segundo semestre"},"content":{"rendered":"\n<p class=\"has-text-align-center\"><strong><mark style=\"background-color:rgba(0, 0, 0, 0)\" class=\"has-inline-color has-vivid-cyan-blue-color\">PREVIS\u00c3O CLIM\u00c1TICA TRIMESTRAL PARA SANTA CATARINA<\/mark><\/strong><\/p>\n\n\n\n<p>Maio, Junho e Julho de 2026<\/p>\n\n\n\n<p class=\"has-text-align-center\"><strong><em>In\u00edcio do inverno no Hemisf\u00e9rio Sul: dia 21 de junho de 2026 \u00e0s 05h24<\/em><\/strong><\/p>\n\n\n\n<p><strong>Precipita\u00e7\u00e3o:<\/strong><\/p>\n\n\n\n<p>Trimestre com previs\u00e3o de <strong>chuva pr\u00f3xima da m\u00e9dia climatol\u00f3gica<\/strong>, em SC. Em maio, a precipita\u00e7\u00e3o deve ocorrer de forma irregular, alternando com dias consecutivos de tempo firme e ar seco. Em junho e julho, o indicativo \u00e9 de chuva mais frequente no estado. Com a previs\u00e3o de El Ni\u00f1o no segundo semestre de 2026 \u00e9 esperado mais chuva no Sul do Brasil nos meses de primavera.<\/p>\n\n\n\n<p><strong>Destaque:<\/strong> no outono e inverno de 2026, per\u00edodos sem chuva devem ocorrer em SC, causados pela atua\u00e7\u00e3o de massas de ar frio e seco no Sul do Brasil. Eventos de chuva forte, com totais elevados em curto intervalo de tempo, temporais com forte atividade el\u00e9trica (raios), granizo e ventania, tamb\u00e9m s\u00e3o esperados devido \u00e0 passagem de frentes frias e atua\u00e7\u00e3o de sistemas inst\u00e1veis. Acompanhe a atualiza\u00e7\u00e3o dos avisos meteorol\u00f3gicos di\u00e1rios na p\u00e1gina da Epagri\/Ciram e nas redes sociais.<\/p>\n\n\n\n<p><strong>Climatologia (m\u00e9dia hist\u00f3rica):<\/strong>&nbsp;<\/p>\n\n\n\n<p>A chuva diminui no per\u00edodo. Em maio os valores esperados de chuva variam de 110 a 200 mm em m\u00e9dia do Oeste ao Planalto e 70 a 130 mm nas demais regi\u00f5es.&nbsp; Nos meses de junho e julho a m\u00e9dia climatol\u00f3gica \u00e9 de 110 a 170 mm no Oeste e Meio Oeste, e de 70 a 130 mm do Planalto ao Litoral, sendo o m\u00eas de julho menos chuvoso em rela\u00e7\u00e3o a junho.&nbsp;<\/p>\n\n\n\n<p>As chuvas s\u00e3o preferencialmente causadas pela influ\u00eancia de frentes frias, sistemas de baixa press\u00e3o, v\u00f3rtices cicl\u00f4nicos e correntes de jato. Tamb\u00e9m \u00e9 a \u00e9poca de atua\u00e7\u00e3o frequente dos ciclones extratropicais, pr\u00f3ximos ao Litoral, que oferecem perigo \u00e0s embarca\u00e7\u00f5es, com ventos fortes e mar agitado, que muitas vezes resultam em ressaca.<\/p>\n\n\n\n<p><strong>Temperatura:<\/strong><\/p>\n\n\n\n<p>No trimestre a previs\u00e3o \u00e9 de <strong>temperatura acima da m\u00e9dia climatol\u00f3gica<\/strong>, com temperatura agrad\u00e1vel em boa parte do outono\/inverno. Destaque:<strong> <\/strong>com a previs\u00e3o de El Ni\u00f1o no segundo semestre, o frio intenso e duradouro deve ser mais escasso, em rela\u00e7\u00e3o ao ano passado, as massas de ar frio devem intercalar com per\u00edodos mais aquecidos e a amplitude t\u00e9rmica ser\u00e1 maior (diferen\u00e7a entre a temperatura m\u00ednima e m\u00e1xima do dia). No entanto, algumas massas de ar frio v\u00e3o chegar ao Sul do Brasil, provocando frio mais abrangente, com forma\u00e7\u00e3o de geada em SC, e se acompanhadas de umidade podem ocasionar neve no Planalto Sul. Neste ano, os veranicos devem ser mais frequentes, com dias consecutivos de temperatura elevada (acima de 30\u00baC). Outra carater\u00edstica da esta\u00e7\u00e3o s\u00e3o os <em>nevoeiros,<\/em> associados \u00e0 nebulosidade baixa, com redu\u00e7\u00e3o de visibilidade.<\/p>\n\n\n\n<p><strong>Temperatura da Superf\u00edcie do Mar (TSM):<\/strong><\/p>\n\n\n\n<p>De mar\u00e7o para abril de 2026, observa-se aquecimento na regi\u00e3o de monitoramento do ENOS no Pac\u00edfico Equatorial (Figuras 1 e 2), com anomalia positiva de 0,3\u00b0C a 1,4\u00b0C, mais quente e acima de 2,0\u00b0C na regi\u00e3o do Ni\u00f1o 1+2 em abril (Figura2). Mesmo com o aquecimento significativo, a condi\u00e7\u00e3o \u00e9 de <strong>Neutralidade<\/strong>.<\/p>\n\n\n\n<p>Nos pr\u00f3ximos meses, a previs\u00e3o \u00e9 de aquecimento nas \u00e1guas do Pac\u00edfico Equatorial, com <strong>Neutralidade<\/strong> nos meses de maio e junho. As condi\u00e7\u00f5es no segundo semestre do ano indicam evolu\u00e7\u00e3o para anomalias de TSM acima de 0,5\u00b0C e configura\u00e7\u00e3o do fen\u00f4meno <strong>El Ni\u00f1o<\/strong>, com intensidade forte esperada para a primavera e ver\u00e3o. Os meteorologistas de SC seguem acompanhando os indicativos de aquecimento no Pac\u00edfico Equatorial e os potenciais efeitos no estado.<\/p>\n\n\n\n<figure class=\"wp-block-image size-large is-resized\"><img fetchpriority=\"high\" decoding=\"async\" width=\"1024\" height=\"768\" src=\"https:\/\/ciram.epagri.sc.gov.br\/wp-content\/uploads\/2026\/04\/TSM-ABR2-1024x768.png\" alt=\"\" class=\"wp-image-48796\" style=\"width:685px;height:auto\" srcset=\"https:\/\/ciram.epagri.sc.gov.br\/wp-content\/uploads\/2026\/04\/TSM-ABR2-1024x768.png 1024w, https:\/\/ciram.epagri.sc.gov.br\/wp-content\/uploads\/2026\/04\/TSM-ABR2-300x225.png 300w, https:\/\/ciram.epagri.sc.gov.br\/wp-content\/uploads\/2026\/04\/TSM-ABR2-768x576.png 768w, https:\/\/ciram.epagri.sc.gov.br\/wp-content\/uploads\/2026\/04\/TSM-ABR2-1536x1152.png 1536w, https:\/\/ciram.epagri.sc.gov.br\/wp-content\/uploads\/2026\/04\/TSM-ABR2.png 1600w\" sizes=\"(max-width: 1024px) 100vw, 1024px\" \/><figcaption class=\"wp-element-caption\"><strong>Figura 1 &#8211;<\/strong> Anomalia de TSM nos oceanos Atl\u00e2ntico e Pacifico, em mar\u00e7o de 2026. Fonte: IFSC.<\/figcaption><\/figure>\n\n\n\n<figure class=\"wp-block-image size-large\"><img decoding=\"async\" width=\"1024\" height=\"768\" src=\"https:\/\/ciram.epagri.sc.gov.br\/wp-content\/uploads\/2026\/04\/TSM-ABR-1024x768.png\" alt=\"\" class=\"wp-image-48795\" srcset=\"https:\/\/ciram.epagri.sc.gov.br\/wp-content\/uploads\/2026\/04\/TSM-ABR-1024x768.png 1024w, https:\/\/ciram.epagri.sc.gov.br\/wp-content\/uploads\/2026\/04\/TSM-ABR-300x225.png 300w, https:\/\/ciram.epagri.sc.gov.br\/wp-content\/uploads\/2026\/04\/TSM-ABR-768x576.png 768w, https:\/\/ciram.epagri.sc.gov.br\/wp-content\/uploads\/2026\/04\/TSM-ABR-1536x1152.png 1536w, https:\/\/ciram.epagri.sc.gov.br\/wp-content\/uploads\/2026\/04\/TSM-ABR.png 1600w\" sizes=\"(max-width: 1024px) 100vw, 1024px\" \/><figcaption class=\"wp-element-caption\"><strong>Figura 2 &#8211;<\/strong> Anomalia de TSM no Pacifico e Atl\u00e2ntico entre 01 e 25 de abril de 2026. Fonte: IFSC.<\/figcaption><\/figure>\n\n\n\n<figure class=\"wp-block-embed is-type-video is-provider-youtube wp-block-embed-youtube wp-embed-aspect-16-9 wp-has-aspect-ratio\"><div class=\"wp-block-embed__wrapper\">\n<p class=\"responsive-video-wrap clr\"><iframe title=\"29\/04\/2026 - Pouco frio em SC, com El Ni\u00f1o no segundo semestre\" width=\"1200\" height=\"675\" src=\"https:\/\/www.youtube.com\/embed\/mk0tqakNHUU?feature=oembed\" frameborder=\"0\" allow=\"accelerometer; autoplay; clipboard-write; encrypted-media; gyroscope; picture-in-picture; web-share\" referrerpolicy=\"strict-origin-when-cross-origin\" allowfullscreen><\/iframe><\/p>\n<\/div><\/figure>\n\n\n\n<p><strong>Elabora\u00e7\u00e3o do boletim: Gils\u00e2nia Cruz e Marilene de Lima (Meteorologistas).<\/strong>Previs\u00e3o do F\u00f3rum Clim\u00e1tico: EPAGRI\/CIRAM, IFSC, CIGERD, UFRGS e AGF.<\/p>\n","protected":false},"excerpt":{"rendered":"<p>PREVIS\u00c3O CLIM\u00c1TICA TRIMESTRAL PARA SANTA CATARINA Maio, Junho e Julho de 2026 In\u00edcio do inverno no Hemisf\u00e9rio Sul: dia 21 de junho de 2026 \u00e0s 05h24 Precipita\u00e7\u00e3o: Trimestre com previs\u00e3o de chuva pr\u00f3xima da m\u00e9dia climatol\u00f3gica, em SC. Em maio, a precipita\u00e7\u00e3o deve ocorrer de forma irregular, alternando com dias consecutivos de tempo firme e [&hellip;]<\/p>\n","protected":false},"author":9,"featured_media":48237,"comment_status":"closed","ping_status":"closed","sticky":false,"template":"","format":"standard","meta":{"ocean_post_layout":"","ocean_both_sidebars_style":"","ocean_both_sidebars_content_width":0,"ocean_both_sidebars_sidebars_width":0,"ocean_sidebar":"","ocean_second_sidebar":"","ocean_disable_margins":"enable","ocean_add_body_class":"","ocean_shortcode_before_top_bar":"","ocean_shortcode_after_top_bar":"","ocean_shortcode_before_header":"","ocean_shortcode_after_header":"","ocean_has_shortcode":"","ocean_shortcode_after_title":"","ocean_shortcode_before_footer_widgets":"","ocean_shortcode_after_footer_widgets":"","ocean_shortcode_before_footer_bottom":"","ocean_shortcode_after_footer_bottom":"","ocean_display_top_bar":"default","ocean_display_header":"default","ocean_header_style":"","ocean_center_header_left_menu":"","ocean_custom_header_template":"","ocean_custom_logo":0,"ocean_custom_retina_logo":0,"ocean_custom_logo_max_width":0,"ocean_custom_logo_tablet_max_width":0,"ocean_custom_logo_mobile_max_width":0,"ocean_custom_logo_max_height":0,"ocean_custom_logo_tablet_max_height":0,"ocean_custom_logo_mobile_max_height":0,"ocean_header_custom_menu":"","ocean_menu_typo_font_family":"","ocean_menu_typo_font_subset":"","ocean_menu_typo_font_size":0,"ocean_menu_typo_font_size_tablet":0,"ocean_menu_typo_font_size_mobile":0,"ocean_menu_typo_font_size_unit":"px","ocean_menu_typo_font_weight":"","ocean_menu_typo_font_weight_tablet":"","ocean_menu_typo_font_weight_mobile":"","ocean_menu_typo_transform":"","ocean_menu_typo_transform_tablet":"","ocean_menu_typo_transform_mobile":"","ocean_menu_typo_line_height":0,"ocean_menu_typo_line_height_tablet":0,"ocean_menu_typo_line_height_mobile":0,"ocean_menu_typo_line_height_unit":"","ocean_menu_typo_spacing":0,"ocean_menu_typo_spacing_tablet":0,"ocean_menu_typo_spacing_mobile":0,"ocean_menu_typo_spacing_unit":"","ocean_menu_link_color":"","ocean_menu_link_color_hover":"","ocean_menu_link_color_active":"","ocean_menu_link_background":"","ocean_menu_link_hover_background":"","ocean_menu_link_active_background":"","ocean_menu_social_links_bg":"","ocean_menu_social_hover_links_bg":"","ocean_menu_social_links_color":"","ocean_menu_social_hover_links_color":"","ocean_disable_title":"default","ocean_disable_heading":"default","ocean_post_title":"","ocean_post_subheading":"","ocean_post_title_style":"","ocean_post_title_background_color":"","ocean_post_title_background":0,"ocean_post_title_bg_image_position":"","ocean_post_title_bg_image_attachment":"","ocean_post_title_bg_image_repeat":"","ocean_post_title_bg_image_size":"","ocean_post_title_height":0,"ocean_post_title_bg_overlay":0.5,"ocean_post_title_bg_overlay_color":"","ocean_disable_breadcrumbs":"default","ocean_breadcrumbs_color":"","ocean_breadcrumbs_separator_color":"","ocean_breadcrumbs_links_color":"","ocean_breadcrumbs_links_hover_color":"","ocean_display_footer_widgets":"default","ocean_display_footer_bottom":"default","ocean_custom_footer_template":"","ocean_post_oembed":"","ocean_post_self_hosted_media":"","ocean_post_video_embed":"","ocean_link_format":"","ocean_link_format_target":"self","ocean_quote_format":"","ocean_quote_format_link":"post","ocean_gallery_link_images":"off","ocean_gallery_id":[],"footnotes":""},"categories":[17],"tags":[],"class_list":["post-20686","post","type-post","status-publish","format-standard","has-post-thumbnail","hentry","category-previsao-climatica","entry","has-media"],"_links":{"self":[{"href":"https:\/\/ciram.epagri.sc.gov.br\/index.php\/wp-json\/wp\/v2\/posts\/20686","targetHints":{"allow":["GET"]}}],"collection":[{"href":"https:\/\/ciram.epagri.sc.gov.br\/index.php\/wp-json\/wp\/v2\/posts"}],"about":[{"href":"https:\/\/ciram.epagri.sc.gov.br\/index.php\/wp-json\/wp\/v2\/types\/post"}],"author":[{"embeddable":true,"href":"https:\/\/ciram.epagri.sc.gov.br\/index.php\/wp-json\/wp\/v2\/users\/9"}],"replies":[{"embeddable":true,"href":"https:\/\/ciram.epagri.sc.gov.br\/index.php\/wp-json\/wp\/v2\/comments?post=20686"}],"version-history":[{"count":102,"href":"https:\/\/ciram.epagri.sc.gov.br\/index.php\/wp-json\/wp\/v2\/posts\/20686\/revisions"}],"predecessor-version":[{"id":48797,"href":"https:\/\/ciram.epagri.sc.gov.br\/index.php\/wp-json\/wp\/v2\/posts\/20686\/revisions\/48797"}],"wp:featuredmedia":[{"embeddable":true,"href":"https:\/\/ciram.epagri.sc.gov.br\/index.php\/wp-json\/wp\/v2\/media\/48237"}],"wp:attachment":[{"href":"https:\/\/ciram.epagri.sc.gov.br\/index.php\/wp-json\/wp\/v2\/media?parent=20686"}],"wp:term":[{"taxonomy":"category","embeddable":true,"href":"https:\/\/ciram.epagri.sc.gov.br\/index.php\/wp-json\/wp\/v2\/categories?post=20686"},{"taxonomy":"post_tag","embeddable":true,"href":"https:\/\/ciram.epagri.sc.gov.br\/index.php\/wp-json\/wp\/v2\/tags?post=20686"}],"curies":[{"name":"wp","href":"https:\/\/api.w.org\/{rel}","templated":true}]}}