{"id":22941,"date":"2023-01-20T13:54:46","date_gmt":"2023-01-20T16:54:46","guid":{"rendered":"https:\/\/ciram.epagri.sc.gov.br\/?p=22941"},"modified":"2023-01-20T15:33:26","modified_gmt":"2023-01-20T18:33:26","slug":"recorde-de-precipitacao-em-15-minutos-em-concordia-sc","status":"publish","type":"post","link":"https:\/\/ciram.epagri.sc.gov.br\/index.php\/2023\/01\/20\/recorde-de-precipitacao-em-15-minutos-em-concordia-sc\/","title":{"rendered":"Recorde de Precipita\u00e7\u00e3o em 15 minutos em Conc\u00f3rdia\/SC"},"content":{"rendered":"\n<p>Na noite de 18 de janeiro de 2023, ocorreu na cidade de Conc\u00f3rdia um evento extremo de chuva, atingindo os bairros Industri\u00e1rios, Petr\u00f3polis, Santa Cruz, Imperial, Na\u00e7\u00f5es e Centro.<\/p>\n\n\n\n<p><strong>Na esta\u00e7\u00e3o hidrol\u00f3gica Centro-Jusante na Rua Orestes Farina,<\/strong> <strong>foi registrado uma precipita\u00e7\u00e3o de 37,4 mm \u00e0s 19:15hs em 15 minutos<\/strong>. Esta intensidade de precipita\u00e7\u00e3o \u00e9 considerada um recorde nos aproximados 10 anos de registros da Epagri\/Ciram para o munic\u00edpio de Conc\u00f3rdia.<\/p>\n\n\n\n<p>Segundo o pesquisador de hidrologia Guilherme Miranda da Epagri\/Ciram, &#8220;At\u00e9 este momento, nunca tinha sido registrada uma intensidade t\u00e3o elevada de chuva. De acordo com o hist\u00f3rico, o maior valor registrado at\u00e9 ent\u00e3o era de 26 mm em 15 minutos, ocorrido no dia 10\/01\/2020 \u00e0s 18:15 hs. A chuva registrada no dia 18 pode ser considerada como um evento extremo e muito raro de ocorrer, pois a recorr\u00eancia deste fen\u00f4meno \u00e9 acima de 135 anos segundo c\u00e1lculos estat\u00edsticos hist\u00f3ricos realizados para o munic\u00edpio de Conc\u00f3rdia.&#8221;<\/p>\n\n\n\n<figure class=\"wp-block-image size-large\"><img fetchpriority=\"high\" decoding=\"async\" width=\"1024\" height=\"378\" src=\"https:\/\/ciram.epagri.sc.gov.br\/wp-content\/uploads\/2023\/01\/not_guilherme_200123_img1-1024x378.jpg\" alt=\"\" class=\"wp-image-22942\" srcset=\"https:\/\/ciram.epagri.sc.gov.br\/wp-content\/uploads\/2023\/01\/not_guilherme_200123_img1-1024x378.jpg 1024w, https:\/\/ciram.epagri.sc.gov.br\/wp-content\/uploads\/2023\/01\/not_guilherme_200123_img1-300x111.jpg 300w, https:\/\/ciram.epagri.sc.gov.br\/wp-content\/uploads\/2023\/01\/not_guilherme_200123_img1-768x283.jpg 768w, https:\/\/ciram.epagri.sc.gov.br\/wp-content\/uploads\/2023\/01\/not_guilherme_200123_img1.jpg 1280w\" sizes=\"(max-width: 1024px) 100vw, 1024px\" \/><\/figure>\n\n\n\n<p>Neste sentido, demonstra a import\u00e2ncia de realizar a coleta de informa\u00e7\u00f5es ambientais, para prevenir e minimizar os efeitos dos eventos extremos, al\u00e9m de realizar projetos adequados a esta nova realidade hidrometeorol\u00f3gica.<\/p>\n\n\n\n<p>Este trabalho de monitoramento hidrol\u00f3gico na Bacia do Rio Queimados ocorre desde 2013, em parceria entre a Prefeitura Municipal de Conc\u00f3rdia e a Epagri. S\u00e3o 06 esta\u00e7\u00f5es hidrol\u00f3gicas instaladas ao longo da bacia, tanto na parte montante da barragem de conten\u00e7\u00e3o de enchentes no Parque de Exposi\u00e7\u00e3o da cidade, quanto na \u00e1rea central do munic\u00edpio. Os dados coletados de chuva e n\u00edvel dos rios s\u00e3o transmitidos a cada 15 minutos e processados na Epagri\/Ciram para auxiliar a Prefeitura Municipal e a Defesa Civil Municipal a tomar decis\u00f5es para garantir a seguran\u00e7a da popula\u00e7\u00e3o do munic\u00edpio.<\/p>\n\n\n\n<p>Segundo Miro Toldo, respons\u00e1vel pela Defesa Civil Municipal de Conc\u00f3rdia, &#8220;o acompanhamento em tempo real do aplicativo de monitoramento do n\u00edvel da barragem, foi fundamental para que fossem fechadas as comportas e evitando maiores transtornos \u00e0 popula\u00e7\u00e3o. Os alagamentos ocorridos foram decorrentes do entupimento das bocas de lobo, devido ao lixo deixado nas cal\u00e7adas minutos antes da sua coleta e da chuva ocorrer. A reten\u00e7\u00e3o de \u00e1gua na barragem foi fundamental para termos um baixo n\u00edvel do canal do rio dos Queimados, pois possibilitou a drenagem na parte central da cidade no momento dos alagamentos.<\/p>\n\n\n\n<p>Para acompanhar este trabalho de monitoramento no Rio dos Queimados basta acessar o link: <a href=\"https:\/\/ciram.epagri.sc.gov.br\/index.php\/serv-queimados-projeto\/\" target=\"_blank\" rel=\"noreferrer noopener\">https:\/\/ciram.epagri.sc.gov.br\/index.php\/serv-queimados-projeto\/<\/a><\/p>\n\n\n\n<p><strong>Contato:<\/strong><\/p>\n\n\n\n<p>Guilherme Xavier de Miranda Junior e Kellen Martarello<\/p>\n\n\n\n<p>E-mail: gmiranda@epagri.sc.gov.br e kellenkruscinski@epagri.sc.gov.br<\/p>\n","protected":false},"excerpt":{"rendered":"<p>Na noite de 18 de janeiro de 2023, ocorreu na cidade de Conc\u00f3rdia um evento extremo de chuva, atingindo os bairros Industri\u00e1rios, Petr\u00f3polis, Santa Cruz, Imperial, Na\u00e7\u00f5es e Centro. Na esta\u00e7\u00e3o hidrol\u00f3gica Centro-Jusante na Rua Orestes Farina, foi registrado uma precipita\u00e7\u00e3o de 37,4 mm \u00e0s 19:15hs em 15 minutos. Esta intensidade de precipita\u00e7\u00e3o \u00e9 considerada [&hellip;]<\/p>\n","protected":false},"author":3,"featured_media":22957,"comment_status":"closed","ping_status":"closed","sticky":false,"template":"","format":"standard","meta":{"ocean_post_layout":"","ocean_both_sidebars_style":"","ocean_both_sidebars_content_width":0,"ocean_both_sidebars_sidebars_width":0,"ocean_sidebar":"0","ocean_second_sidebar":"0","ocean_disable_margins":"enable","ocean_add_body_class":"","ocean_shortcode_before_top_bar":"","ocean_shortcode_after_top_bar":"","ocean_shortcode_before_header":"","ocean_shortcode_after_header":"","ocean_has_shortcode":"","ocean_shortcode_after_title":"","ocean_shortcode_before_footer_widgets":"","ocean_shortcode_after_footer_widgets":"","ocean_shortcode_before_footer_bottom":"","ocean_shortcode_after_footer_bottom":"","ocean_display_top_bar":"default","ocean_display_header":"default","ocean_header_style":"","ocean_center_header_left_menu":"0","ocean_custom_header_template":"0","ocean_custom_logo":0,"ocean_custom_retina_logo":0,"ocean_custom_logo_max_width":0,"ocean_custom_logo_tablet_max_width":0,"ocean_custom_logo_mobile_max_width":0,"ocean_custom_logo_max_height":0,"ocean_custom_logo_tablet_max_height":0,"ocean_custom_logo_mobile_max_height":0,"ocean_header_custom_menu":"0","ocean_menu_typo_font_family":"0","ocean_menu_typo_font_subset":"","ocean_menu_typo_font_size":0,"ocean_menu_typo_font_size_tablet":0,"ocean_menu_typo_font_size_mobile":0,"ocean_menu_typo_font_size_unit":"px","ocean_menu_typo_font_weight":"","ocean_menu_typo_font_weight_tablet":"","ocean_menu_typo_font_weight_mobile":"","ocean_menu_typo_transform":"","ocean_menu_typo_transform_tablet":"","ocean_menu_typo_transform_mobile":"","ocean_menu_typo_line_height":0,"ocean_menu_typo_line_height_tablet":0,"ocean_menu_typo_line_height_mobile":0,"ocean_menu_typo_line_height_unit":"","ocean_menu_typo_spacing":0,"ocean_menu_typo_spacing_tablet":0,"ocean_menu_typo_spacing_mobile":0,"ocean_menu_typo_spacing_unit":"","ocean_menu_link_color":"","ocean_menu_link_color_hover":"","ocean_menu_link_color_active":"","ocean_menu_link_background":"","ocean_menu_link_hover_background":"","ocean_menu_link_active_background":"","ocean_menu_social_links_bg":"","ocean_menu_social_hover_links_bg":"","ocean_menu_social_links_color":"","ocean_menu_social_hover_links_color":"","ocean_disable_title":"default","ocean_disable_heading":"default","ocean_post_title":"","ocean_post_subheading":"","ocean_post_title_style":"","ocean_post_title_background_color":"","ocean_post_title_background":0,"ocean_post_title_bg_image_position":"","ocean_post_title_bg_image_attachment":"","ocean_post_title_bg_image_repeat":"","ocean_post_title_bg_image_size":"","ocean_post_title_height":0,"ocean_post_title_bg_overlay":0.5,"ocean_post_title_bg_overlay_color":"","ocean_disable_breadcrumbs":"default","ocean_breadcrumbs_color":"","ocean_breadcrumbs_separator_color":"","ocean_breadcrumbs_links_color":"","ocean_breadcrumbs_links_hover_color":"","ocean_display_footer_widgets":"default","ocean_display_footer_bottom":"default","ocean_custom_footer_template":"0","ocean_post_oembed":"","ocean_post_self_hosted_media":"","ocean_post_video_embed":"","ocean_link_format":"","ocean_link_format_target":"self","ocean_quote_format":"","ocean_quote_format_link":"post","ocean_gallery_link_images":"off","ocean_gallery_id":[],"footnotes":""},"categories":[5],"tags":[],"class_list":["post-22941","post","type-post","status-publish","format-standard","has-post-thumbnail","hentry","category-publicacoes","entry","has-media"],"_links":{"self":[{"href":"https:\/\/ciram.epagri.sc.gov.br\/index.php\/wp-json\/wp\/v2\/posts\/22941","targetHints":{"allow":["GET"]}}],"collection":[{"href":"https:\/\/ciram.epagri.sc.gov.br\/index.php\/wp-json\/wp\/v2\/posts"}],"about":[{"href":"https:\/\/ciram.epagri.sc.gov.br\/index.php\/wp-json\/wp\/v2\/types\/post"}],"author":[{"embeddable":true,"href":"https:\/\/ciram.epagri.sc.gov.br\/index.php\/wp-json\/wp\/v2\/users\/3"}],"replies":[{"embeddable":true,"href":"https:\/\/ciram.epagri.sc.gov.br\/index.php\/wp-json\/wp\/v2\/comments?post=22941"}],"version-history":[{"count":6,"href":"https:\/\/ciram.epagri.sc.gov.br\/index.php\/wp-json\/wp\/v2\/posts\/22941\/revisions"}],"predecessor-version":[{"id":22959,"href":"https:\/\/ciram.epagri.sc.gov.br\/index.php\/wp-json\/wp\/v2\/posts\/22941\/revisions\/22959"}],"wp:featuredmedia":[{"embeddable":true,"href":"https:\/\/ciram.epagri.sc.gov.br\/index.php\/wp-json\/wp\/v2\/media\/22957"}],"wp:attachment":[{"href":"https:\/\/ciram.epagri.sc.gov.br\/index.php\/wp-json\/wp\/v2\/media?parent=22941"}],"wp:term":[{"taxonomy":"category","embeddable":true,"href":"https:\/\/ciram.epagri.sc.gov.br\/index.php\/wp-json\/wp\/v2\/categories?post=22941"},{"taxonomy":"post_tag","embeddable":true,"href":"https:\/\/ciram.epagri.sc.gov.br\/index.php\/wp-json\/wp\/v2\/tags?post=22941"}],"curies":[{"name":"wp","href":"https:\/\/api.w.org\/{rel}","templated":true}]}}