{"id":23279,"date":"2023-02-07T14:21:51","date_gmt":"2023-02-07T17:21:51","guid":{"rendered":"https:\/\/ciram.epagri.sc.gov.br\/?p=23279"},"modified":"2023-02-07T16:50:59","modified_gmt":"2023-02-07T19:50:59","slug":"fevereiro-marcado-por-dias-de-sol-em-sc","status":"publish","type":"post","link":"https:\/\/ciram.epagri.sc.gov.br\/index.php\/2023\/02\/07\/fevereiro-marcado-por-dias-de-sol-em-sc\/","title":{"rendered":"Fevereiro marcado por dias de sol em SC"},"content":{"rendered":"\n<p><\/p>\n\n\n\n<p>Em janeiro, os maiores volumes de chuva (Figura 1) foram registrados no Extremo Oeste e leste de SC. Em algumas localidades dessas regi\u00f5es, foram observados pontuais de 300mm ou mais, em decorr\u00eancia de eventos com elevados totais di\u00e1rios. Na Grande Florian\u00f3polis e Litoral Sul ocorreram tanto volumes bem elevados como mais baixos, inferiores a 100mm. A chuva de janeiro foi mal distribu\u00edda no espa\u00e7o e no tempo. Na maior parte das vezes, ocorreu na forma de pancadas r\u00e1pidas, de curta dura\u00e7\u00e3o, entre tarde e in\u00edcio da noite, como \u00e9 t\u00edpico de ver\u00e3o. Do Extremo Oeste ao Meio-Oeste predominaram os totais inferiores a 150mm.<\/p>\n\n\n\n<p>De modo geral, em fevereiro \u00e9 esperado um maior predom\u00ednio de dias de sol em SC em rela\u00e7\u00e3o a janeiro. Como vem ocorrendo desde o in\u00edcio de fevereiro, o per\u00edodo de 07 a 21\/02 segue sendo de sol e calor na maior parte dos dias. Entre a tarde e in\u00edcio da noite, o aquecimento favorece pancadas de chuva r\u00e1pidas e mal distribu\u00eddas, t\u00edpicas de ver\u00e3o, que podem ser bem intensas em alguma localidade isolada. Do Extremo Oeste ao Meio-Oeste e \u00e1reas de divisa com o Rio Grande do Sul, s\u00e3o maiores as chances de alguns dias sem ocorr\u00eancia de chuva. Nessas regi\u00f5es, as condi\u00e7\u00f5es de precipita\u00e7\u00e3o concentram-se entre os dias 14 e 16\/02, quando as pancadas de chuva ser\u00e3o melhor distribu\u00eddas e com maiores volumes em todas as regi\u00f5es SC, e com maior risco de temporais, devido \u00e0 passagem de uma frente fria.<\/p>\n\n\n\n<figure class=\"wp-block-image size-large is-resized\"><img fetchpriority=\"high\" decoding=\"async\" src=\"https:\/\/ciram.epagri.sc.gov.br\/wp-content\/uploads\/2023\/02\/chuva-1024x724.png\" alt=\"\" class=\"wp-image-23280\" width=\"840\" height=\"593\" srcset=\"https:\/\/ciram.epagri.sc.gov.br\/wp-content\/uploads\/2023\/02\/chuva-1024x724.png 1024w, https:\/\/ciram.epagri.sc.gov.br\/wp-content\/uploads\/2023\/02\/chuva-300x212.png 300w, https:\/\/ciram.epagri.sc.gov.br\/wp-content\/uploads\/2023\/02\/chuva-768x543.png 768w, https:\/\/ciram.epagri.sc.gov.br\/wp-content\/uploads\/2023\/02\/chuva-1536x1087.png 1536w, https:\/\/ciram.epagri.sc.gov.br\/wp-content\/uploads\/2023\/02\/chuva-2048x1449.png 2048w\" sizes=\"(max-width: 840px) 100vw, 840px\" \/><figcaption class=\"wp-element-caption\">Figura 01 \u2013 Precipita\u00e7\u00e3o acumulada em janeiro\/2023 em SC.<\/figcaption><\/figure>\n\n\n\n<p><strong><mark style=\"background-color:rgba(0, 0, 0, 0)\" class=\"has-inline-color has-vivid-cyan-blue-color\">Laura Rodrigues e Marilene de Lima &#8211; Meteorologistas (Epagri\/Ciram)<\/mark><\/strong><\/p>\n","protected":false},"excerpt":{"rendered":"<p>Em janeiro, os maiores volumes de chuva (Figura 1) foram registrados no Extremo Oeste e leste de SC. Em algumas localidades dessas regi\u00f5es, foram observados pontuais de 300mm ou mais, em decorr\u00eancia de eventos com elevados totais di\u00e1rios. Na Grande Florian\u00f3polis e Litoral Sul ocorreram tanto volumes bem elevados como mais baixos, inferiores a 100mm. [&hellip;]<\/p>\n","protected":false},"author":17,"featured_media":23281,"comment_status":"closed","ping_status":"closed","sticky":false,"template":"","format":"standard","meta":{"ocean_post_layout":"","ocean_both_sidebars_style":"","ocean_both_sidebars_content_width":0,"ocean_both_sidebars_sidebars_width":0,"ocean_sidebar":"","ocean_second_sidebar":"","ocean_disable_margins":"enable","ocean_add_body_class":"","ocean_shortcode_before_top_bar":"","ocean_shortcode_after_top_bar":"","ocean_shortcode_before_header":"","ocean_shortcode_after_header":"","ocean_has_shortcode":"","ocean_shortcode_after_title":"","ocean_shortcode_before_footer_widgets":"","ocean_shortcode_after_footer_widgets":"","ocean_shortcode_before_footer_bottom":"","ocean_shortcode_after_footer_bottom":"","ocean_display_top_bar":"default","ocean_display_header":"default","ocean_header_style":"","ocean_center_header_left_menu":"","ocean_custom_header_template":"","ocean_custom_logo":0,"ocean_custom_retina_logo":0,"ocean_custom_logo_max_width":0,"ocean_custom_logo_tablet_max_width":0,"ocean_custom_logo_mobile_max_width":0,"ocean_custom_logo_max_height":0,"ocean_custom_logo_tablet_max_height":0,"ocean_custom_logo_mobile_max_height":0,"ocean_header_custom_menu":"","ocean_menu_typo_font_family":"","ocean_menu_typo_font_subset":"","ocean_menu_typo_font_size":0,"ocean_menu_typo_font_size_tablet":0,"ocean_menu_typo_font_size_mobile":0,"ocean_menu_typo_font_size_unit":"px","ocean_menu_typo_font_weight":"","ocean_menu_typo_font_weight_tablet":"","ocean_menu_typo_font_weight_mobile":"","ocean_menu_typo_transform":"","ocean_menu_typo_transform_tablet":"","ocean_menu_typo_transform_mobile":"","ocean_menu_typo_line_height":0,"ocean_menu_typo_line_height_tablet":0,"ocean_menu_typo_line_height_mobile":0,"ocean_menu_typo_line_height_unit":"","ocean_menu_typo_spacing":0,"ocean_menu_typo_spacing_tablet":0,"ocean_menu_typo_spacing_mobile":0,"ocean_menu_typo_spacing_unit":"","ocean_menu_link_color":"","ocean_menu_link_color_hover":"","ocean_menu_link_color_active":"","ocean_menu_link_background":"","ocean_menu_link_hover_background":"","ocean_menu_link_active_background":"","ocean_menu_social_links_bg":"","ocean_menu_social_hover_links_bg":"","ocean_menu_social_links_color":"","ocean_menu_social_hover_links_color":"","ocean_disable_title":"default","ocean_disable_heading":"default","ocean_post_title":"","ocean_post_subheading":"","ocean_post_title_style":"","ocean_post_title_background_color":"","ocean_post_title_background":0,"ocean_post_title_bg_image_position":"","ocean_post_title_bg_image_attachment":"","ocean_post_title_bg_image_repeat":"","ocean_post_title_bg_image_size":"","ocean_post_title_height":0,"ocean_post_title_bg_overlay":0.5,"ocean_post_title_bg_overlay_color":"","ocean_disable_breadcrumbs":"default","ocean_breadcrumbs_color":"","ocean_breadcrumbs_separator_color":"","ocean_breadcrumbs_links_color":"","ocean_breadcrumbs_links_hover_color":"","ocean_display_footer_widgets":"default","ocean_display_footer_bottom":"default","ocean_custom_footer_template":"","ocean_post_oembed":"","ocean_post_self_hosted_media":"","ocean_post_video_embed":"","ocean_link_format":"","ocean_link_format_target":"self","ocean_quote_format":"","ocean_quote_format_link":"post","ocean_gallery_link_images":"off","ocean_gallery_id":[],"footnotes":""},"categories":[6,5],"tags":[],"class_list":["post-23279","post","type-post","status-publish","format-standard","has-post-thumbnail","hentry","category-notas-meteorologicas","category-publicacoes","entry","has-media"],"_links":{"self":[{"href":"https:\/\/ciram.epagri.sc.gov.br\/index.php\/wp-json\/wp\/v2\/posts\/23279","targetHints":{"allow":["GET"]}}],"collection":[{"href":"https:\/\/ciram.epagri.sc.gov.br\/index.php\/wp-json\/wp\/v2\/posts"}],"about":[{"href":"https:\/\/ciram.epagri.sc.gov.br\/index.php\/wp-json\/wp\/v2\/types\/post"}],"author":[{"embeddable":true,"href":"https:\/\/ciram.epagri.sc.gov.br\/index.php\/wp-json\/wp\/v2\/users\/17"}],"replies":[{"embeddable":true,"href":"https:\/\/ciram.epagri.sc.gov.br\/index.php\/wp-json\/wp\/v2\/comments?post=23279"}],"version-history":[{"count":2,"href":"https:\/\/ciram.epagri.sc.gov.br\/index.php\/wp-json\/wp\/v2\/posts\/23279\/revisions"}],"predecessor-version":[{"id":23283,"href":"https:\/\/ciram.epagri.sc.gov.br\/index.php\/wp-json\/wp\/v2\/posts\/23279\/revisions\/23283"}],"wp:featuredmedia":[{"embeddable":true,"href":"https:\/\/ciram.epagri.sc.gov.br\/index.php\/wp-json\/wp\/v2\/media\/23281"}],"wp:attachment":[{"href":"https:\/\/ciram.epagri.sc.gov.br\/index.php\/wp-json\/wp\/v2\/media?parent=23279"}],"wp:term":[{"taxonomy":"category","embeddable":true,"href":"https:\/\/ciram.epagri.sc.gov.br\/index.php\/wp-json\/wp\/v2\/categories?post=23279"},{"taxonomy":"post_tag","embeddable":true,"href":"https:\/\/ciram.epagri.sc.gov.br\/index.php\/wp-json\/wp\/v2\/tags?post=23279"}],"curies":[{"name":"wp","href":"https:\/\/api.w.org\/{rel}","templated":true}]}}