{"id":25827,"date":"2023-06-21T10:26:22","date_gmt":"2023-06-21T13:26:22","guid":{"rendered":"https:\/\/ciram.epagri.sc.gov.br\/?p=25827"},"modified":"2023-06-21T16:32:43","modified_gmt":"2023-06-21T19:32:43","slug":"as-mais-recentes-informacoes-sobre-o-fenomeno-el-nino","status":"publish","type":"post","link":"https:\/\/ciram.epagri.sc.gov.br\/index.php\/2023\/06\/21\/as-mais-recentes-informacoes-sobre-o-fenomeno-el-nino\/","title":{"rendered":"As mais recentes informa\u00e7\u00f5es sobre o fen\u00f4meno El Ni\u00f1o"},"content":{"rendered":"\n<p>#NotaMeteorol\u00f3gicaEpagriCiram #Previs\u00e3oTempoSC<strong><\/strong><\/p>\n\n\n\n<p>O \u00faltimo boletim do IRI (International Research Institute for Climate and Society), da Universidade de Columbia nos Estados Unidos, emitido em 16 do m\u00eas corrente, aponta o estabelecimento do El Ni\u00f1o, para o in\u00edcio do segundo semestre de 2023 (ver detalhes <a href=\"https:\/\/iri.columbia.edu\/our-expertise\/climate\/forecasts\/enso\/current\/\">aqui<\/a>), e sua manuten\u00e7\u00e3o durante a esta\u00e7\u00e3o da primavera. O Instituto divulga mensalmente, e com atualiza\u00e7\u00f5es semanais, um resumo das condi\u00e7\u00f5es do fen\u00f4meno previstas para os pr\u00f3ximos meses. A probabilidade de ocorr\u00eancia do El Ni\u00f1o \u00e9 de 90 a 96% no per\u00edodo JUN-AGO-SET\/2023. De JUL a SET\/2023 fica em 96%; de SET a NOV, em 94% e no trimestre OUT-NOV-DEZ \u00e9 de 90%. Veja detalhes <a href=\"https:\/\/iri.columbia.edu\/our-expertise\/climate\/forecasts\/enso\/current\/?enso_tab=enso-iri_plume\">aqui<\/a>.<\/p>\n\n\n\n<p><em>O que o El Ni\u00f1o traz para Santa Catarina?<\/em><\/p>\n\n\n\n<p>Em anos de El Ni\u00f1o, em geral chove mais no Sul do Brasil, devido \u00e0 mudan\u00e7a no padr\u00e3o de circula\u00e7\u00e3o geral da atmosfera. O \u00faltimo ano de registro do fen\u00f4meno foi 2016 e, apesar de c\u00edclico, n\u00e3o \u00e9 poss\u00edvel determinar de quantos em quantos anos o mesmo ocorre. \u00c9 comum formar-se nos segundos semestres de cada ano e durar, em m\u00e9dia, at\u00e9 2 anos, podendo variar seu tempo de dura\u00e7\u00e3o. Para saber mais sobre a previs\u00e3o para SC, neste inverno de 2023, acesse o site da Epagri\/Ciram (<a href=\"https:\/\/ciram.epagri.sc.gov.br\/index.php\/2023\/05\/31\/climatica\/\">leia<\/a>). Ressalta-se que tais informa\u00e7\u00f5es s\u00e3o atualizadas no final de cada m\u00eas, quando se re\u00fane o F\u00f3rum Clim\u00e1tico de SC.<\/p>\n\n\n\n<p><em>Como se verifica a forma\u00e7\u00e3o do El Ni\u00f1o?<\/em><\/p>\n\n\n\n<p>O fen\u00f4meno ENOS (El Ni\u00f1o-Oscila\u00e7\u00e3o Sul) \u00e9 na verdade o aquecimento an\u00f4malo e tamb\u00e9m persistente da superf\u00edcie do oceano Pac\u00edfico Equatorial, desde a costa peruana (Ni\u00f1o 1 + 2) at\u00e9 o meio do Pac\u00edfico Equatorial (Ni\u00f1o 3 + 4), como mostra a Figura 1. Ou seja, as \u00e1guas da superf\u00edcie do mar nesta regi\u00e3o ficam pelo menos 0,5\u00b0C mais aquecidas em rela\u00e7\u00e3o \u00e0 m\u00e9dia climatol\u00f3gica, por um per\u00edodo de pelo menos 5 meses seguidos.<\/p>\n\n\n\n<figure class=\"wp-block-image size-large\"><img fetchpriority=\"high\" decoding=\"async\" width=\"1024\" height=\"514\" src=\"https:\/\/ciram.epagri.sc.gov.br\/wp-content\/uploads\/2023\/06\/FyhfTseaEAEaSwS-1024x514.jpg\" alt=\"\" class=\"wp-image-25828\" srcset=\"https:\/\/ciram.epagri.sc.gov.br\/wp-content\/uploads\/2023\/06\/FyhfTseaEAEaSwS-1024x514.jpg 1024w, https:\/\/ciram.epagri.sc.gov.br\/wp-content\/uploads\/2023\/06\/FyhfTseaEAEaSwS-300x150.jpg 300w, https:\/\/ciram.epagri.sc.gov.br\/wp-content\/uploads\/2023\/06\/FyhfTseaEAEaSwS-768x385.jpg 768w, https:\/\/ciram.epagri.sc.gov.br\/wp-content\/uploads\/2023\/06\/FyhfTseaEAEaSwS-1536x770.jpg 1536w, https:\/\/ciram.epagri.sc.gov.br\/wp-content\/uploads\/2023\/06\/FyhfTseaEAEaSwS-2048x1027.jpg 2048w\" sizes=\"(max-width: 1024px) 100vw, 1024px\" \/><\/figure>\n\n\n\n<p><strong>Figura 1<\/strong> \u2013 Anomalia de TSM (Temperatura da Superf\u00edcie do Mar) no globo, com destaque para as regi\u00f5es de monitoramento do ENOS no Pac\u00edfico Equatorial (Fonte: @BenNollWeather).<\/p>\n\n\n\n<p>Em anos de El Ni\u00f1o, os ventos al\u00edsios, na regi\u00e3o do Pac\u00edfico Equatorial, ficam mais enfraquecidos, o que inibe a ressurg\u00eancia de \u00e1gua fria para a superf\u00edcie do mar na costa oeste da Am\u00e9rica do Sul, o que mant\u00e9m as \u00e1guas mais aquecidas nas camadas superiores do oceano, resultando em temperatura da superf\u00edcie do mar acima da m\u00e9dia climatol\u00f3gica. Os al\u00edsios apresentam dire\u00e7\u00e3o de deslocamento de leste para oeste e rajadas constantes, na regi\u00e3o Equatorial, provenientes dos 2 hemisf\u00e9rios, como mostra a Figura 2.<\/p>\n\n\n\n<figure class=\"wp-block-image size-large\"><img decoding=\"async\" width=\"1024\" height=\"310\" src=\"https:\/\/ciram.epagri.sc.gov.br\/wp-content\/uploads\/2023\/06\/6-1024x310.jpg\" alt=\"\" class=\"wp-image-25829\" srcset=\"https:\/\/ciram.epagri.sc.gov.br\/wp-content\/uploads\/2023\/06\/6-1024x310.jpg 1024w, https:\/\/ciram.epagri.sc.gov.br\/wp-content\/uploads\/2023\/06\/6-300x91.jpg 300w, https:\/\/ciram.epagri.sc.gov.br\/wp-content\/uploads\/2023\/06\/6-768x232.jpg 768w, https:\/\/ciram.epagri.sc.gov.br\/wp-content\/uploads\/2023\/06\/6.jpg 1315w\" sizes=\"(max-width: 1024px) 100vw, 1024px\" \/><\/figure>\n\n\n\n<p><strong>Figura 2<\/strong> \u2013 Circula\u00e7\u00e3o de ventos na regi\u00e3o equatorial com destaque para as setas em vermelho, que representam os ventos al\u00edsios (Fonte: VentuSky).<\/p>\n\n\n\n<p><strong>Marcelo Martins e Laura Rodrigues &#8211; Meteorologistas (Epagri\/Ciram)<\/strong><\/p>\n\n\n\n<p><em>Acompanhe a atualiza\u00e7\u00e3o dos avisos meteorol\u00f3gicos di\u00e1rios, na p\u00e1gina da Epagri\/Ciram e redes sociais. Procure sempre as informa\u00e7\u00f5es em sites oficiais<\/em>.<\/p>\n\n\n\n<p>Epagri\/Ciram no Facebook <img decoding=\"async\" width=\"26\" height=\"26\" src=\"\">e @epagriciram no Twitter <img loading=\"lazy\" decoding=\"async\" width=\"28\" height=\"28\" src=\"\">.<\/p>\n","protected":false},"excerpt":{"rendered":"<p>#NotaMeteorol\u00f3gicaEpagriCiram #Previs\u00e3oTempoSC O \u00faltimo boletim do IRI (International Research Institute for Climate and Society), da Universidade de Columbia nos Estados Unidos, emitido em 16 do m\u00eas corrente, aponta o estabelecimento do El Ni\u00f1o, para o in\u00edcio do segundo semestre de 2023 (ver detalhes aqui), e sua manuten\u00e7\u00e3o durante a esta\u00e7\u00e3o da primavera. O Instituto divulga [&hellip;]<\/p>\n","protected":false},"author":10,"featured_media":25840,"comment_status":"closed","ping_status":"closed","sticky":false,"template":"","format":"standard","meta":{"ocean_post_layout":"","ocean_both_sidebars_style":"","ocean_both_sidebars_content_width":0,"ocean_both_sidebars_sidebars_width":0,"ocean_sidebar":"","ocean_second_sidebar":"","ocean_disable_margins":"enable","ocean_add_body_class":"","ocean_shortcode_before_top_bar":"","ocean_shortcode_after_top_bar":"","ocean_shortcode_before_header":"","ocean_shortcode_after_header":"","ocean_has_shortcode":"","ocean_shortcode_after_title":"","ocean_shortcode_before_footer_widgets":"","ocean_shortcode_after_footer_widgets":"","ocean_shortcode_before_footer_bottom":"","ocean_shortcode_after_footer_bottom":"","ocean_display_top_bar":"default","ocean_display_header":"default","ocean_header_style":"","ocean_center_header_left_menu":"","ocean_custom_header_template":"","ocean_custom_logo":0,"ocean_custom_retina_logo":0,"ocean_custom_logo_max_width":0,"ocean_custom_logo_tablet_max_width":0,"ocean_custom_logo_mobile_max_width":0,"ocean_custom_logo_max_height":0,"ocean_custom_logo_tablet_max_height":0,"ocean_custom_logo_mobile_max_height":0,"ocean_header_custom_menu":"","ocean_menu_typo_font_family":"","ocean_menu_typo_font_subset":"","ocean_menu_typo_font_size":0,"ocean_menu_typo_font_size_tablet":0,"ocean_menu_typo_font_size_mobile":0,"ocean_menu_typo_font_size_unit":"px","ocean_menu_typo_font_weight":"","ocean_menu_typo_font_weight_tablet":"","ocean_menu_typo_font_weight_mobile":"","ocean_menu_typo_transform":"","ocean_menu_typo_transform_tablet":"","ocean_menu_typo_transform_mobile":"","ocean_menu_typo_line_height":0,"ocean_menu_typo_line_height_tablet":0,"ocean_menu_typo_line_height_mobile":0,"ocean_menu_typo_line_height_unit":"","ocean_menu_typo_spacing":0,"ocean_menu_typo_spacing_tablet":0,"ocean_menu_typo_spacing_mobile":0,"ocean_menu_typo_spacing_unit":"","ocean_menu_link_color":"","ocean_menu_link_color_hover":"","ocean_menu_link_color_active":"","ocean_menu_link_background":"","ocean_menu_link_hover_background":"","ocean_menu_link_active_background":"","ocean_menu_social_links_bg":"","ocean_menu_social_hover_links_bg":"","ocean_menu_social_links_color":"","ocean_menu_social_hover_links_color":"","ocean_disable_title":"default","ocean_disable_heading":"default","ocean_post_title":"","ocean_post_subheading":"","ocean_post_title_style":"","ocean_post_title_background_color":"","ocean_post_title_background":0,"ocean_post_title_bg_image_position":"","ocean_post_title_bg_image_attachment":"","ocean_post_title_bg_image_repeat":"","ocean_post_title_bg_image_size":"","ocean_post_title_height":0,"ocean_post_title_bg_overlay":0.5,"ocean_post_title_bg_overlay_color":"","ocean_disable_breadcrumbs":"default","ocean_breadcrumbs_color":"","ocean_breadcrumbs_separator_color":"","ocean_breadcrumbs_links_color":"","ocean_breadcrumbs_links_hover_color":"","ocean_display_footer_widgets":"default","ocean_display_footer_bottom":"default","ocean_custom_footer_template":"","ocean_post_oembed":"","ocean_post_self_hosted_media":"","ocean_post_video_embed":"","ocean_link_format":"","ocean_link_format_target":"self","ocean_quote_format":"","ocean_quote_format_link":"post","ocean_gallery_link_images":"off","ocean_gallery_id":[],"footnotes":""},"categories":[6,5],"tags":[],"class_list":["post-25827","post","type-post","status-publish","format-standard","has-post-thumbnail","hentry","category-notas-meteorologicas","category-publicacoes","entry","has-media"],"_links":{"self":[{"href":"https:\/\/ciram.epagri.sc.gov.br\/index.php\/wp-json\/wp\/v2\/posts\/25827","targetHints":{"allow":["GET"]}}],"collection":[{"href":"https:\/\/ciram.epagri.sc.gov.br\/index.php\/wp-json\/wp\/v2\/posts"}],"about":[{"href":"https:\/\/ciram.epagri.sc.gov.br\/index.php\/wp-json\/wp\/v2\/types\/post"}],"author":[{"embeddable":true,"href":"https:\/\/ciram.epagri.sc.gov.br\/index.php\/wp-json\/wp\/v2\/users\/10"}],"replies":[{"embeddable":true,"href":"https:\/\/ciram.epagri.sc.gov.br\/index.php\/wp-json\/wp\/v2\/comments?post=25827"}],"version-history":[{"count":1,"href":"https:\/\/ciram.epagri.sc.gov.br\/index.php\/wp-json\/wp\/v2\/posts\/25827\/revisions"}],"predecessor-version":[{"id":25831,"href":"https:\/\/ciram.epagri.sc.gov.br\/index.php\/wp-json\/wp\/v2\/posts\/25827\/revisions\/25831"}],"wp:featuredmedia":[{"embeddable":true,"href":"https:\/\/ciram.epagri.sc.gov.br\/index.php\/wp-json\/wp\/v2\/media\/25840"}],"wp:attachment":[{"href":"https:\/\/ciram.epagri.sc.gov.br\/index.php\/wp-json\/wp\/v2\/media?parent=25827"}],"wp:term":[{"taxonomy":"category","embeddable":true,"href":"https:\/\/ciram.epagri.sc.gov.br\/index.php\/wp-json\/wp\/v2\/categories?post=25827"},{"taxonomy":"post_tag","embeddable":true,"href":"https:\/\/ciram.epagri.sc.gov.br\/index.php\/wp-json\/wp\/v2\/tags?post=25827"}],"curies":[{"name":"wp","href":"https:\/\/api.w.org\/{rel}","templated":true}]}}