{"id":25930,"date":"2023-06-26T10:55:15","date_gmt":"2023-06-26T13:55:15","guid":{"rendered":"https:\/\/ciram.epagri.sc.gov.br\/?p=25930"},"modified":"2023-06-26T12:49:55","modified_gmt":"2023-06-26T15:49:55","slug":"inverno-com-calor-de-verao-e-quebra-de-recorde-em-sc","status":"publish","type":"post","link":"https:\/\/ciram.epagri.sc.gov.br\/index.php\/2023\/06\/26\/inverno-com-calor-de-verao-e-quebra-de-recorde-em-sc\/","title":{"rendered":"Inverno com calor de ver\u00e3o e quebra de recorde em SC"},"content":{"rendered":"\n<p>#NotaMeteorol\u00f3gicaEpagriCiram#Previs\u00e3oTempoSC<\/p>\n\n\n\n<p><strong>Inverno com calor de ver\u00e3o e quebra de recorde em SC<\/strong><\/p>\n\n\n\n<p>O inverno come\u00e7ou no 21 de junho, com temperatura amena, mas no \u00faltimo fim de semana (24 e 25) fez calor de mais de 30\u00b0C no Litoral. Temperatura mais elevada e pouca chuva vem ocorrendo desde o outono, em SC.<\/p>\n\n\n\n<p>No s\u00e1bado (24) houve quebra de recorde de temperatura m\u00e1xima em Rio das Antas, no Meio-Oeste, com 27,14\u00b0C, deixando para tr\u00e1s o recorde de 27,11\u00b0C em 2016 (5 anos de dados).<\/p>\n\n\n\n<p>No domingo (25), em Florian\u00f3polis (esta\u00e7\u00e3o de Carij\u00f3s), que possui uma s\u00e9rie de dados de 9 anos consecutivos, registrou a quebra de recorde de 32,14\u00b0C. O recorde anterior era de 30,46\u00b0C no ano de 2020. Tamb\u00e9m no Litoral, em Jaguaruna, com s\u00e9rie de 8 anos, o recorde anterior era de 31,99\u00b0C (2023) e a partir de 25 de junho passou a ser 32,95\u00b0C. Em Ca\u00e7ador, no Meio-Oeste, o recorde \u00e9 bem menor em rela\u00e7\u00e3o ao Litoral, devido a altitude da regi\u00e3o, mas tamb\u00e9m superou, com registro de 25,5\u00b0C, enquanto o recorde anterior era de 25,45\u00b0C (2019), com s\u00e9rie hist\u00f3rica de 10 anos. Nesta segunda e ter\u00e7a-feira (26 e 27) h\u00e1 previs\u00e3o de mais calor, confira a previs\u00e3o do tempo aqui.<\/p>\n\n\n\n<figure class=\"wp-block-image size-full\"><img fetchpriority=\"high\" decoding=\"async\" width=\"895\" height=\"568\" src=\"https:\/\/ciram.epagri.sc.gov.br\/wp-content\/uploads\/2023\/06\/image-5.png\" alt=\"\" class=\"wp-image-25931\" srcset=\"https:\/\/ciram.epagri.sc.gov.br\/wp-content\/uploads\/2023\/06\/image-5.png 895w, https:\/\/ciram.epagri.sc.gov.br\/wp-content\/uploads\/2023\/06\/image-5-300x190.png 300w, https:\/\/ciram.epagri.sc.gov.br\/wp-content\/uploads\/2023\/06\/image-5-768x487.png 768w\" sizes=\"(max-width: 895px) 100vw, 895px\" \/><\/figure>\n\n\n\n<p>&nbsp;<strong>Figura 1 \u2013<\/strong> Temperatura do ar m\u00e1xima do dia 25 de junho de 2023. Esta\u00e7\u00f5es meteorol\u00f3gicas da Epagri\/Inmet. Dados sujeito a corre\u00e7\u00e3o posterior<\/p>\n\n\n\n<p><strong>Marcelo Martins e Gils\u00e2nia Cruz &#8211; Meteorologistas (Epagri\/Ciram)<\/strong><\/p>\n\n\n\n<p><strong>Anderson Monteiro \u2013 T\u00e9cnico em Meteorologia (Epagri\/Ciram)<\/strong><\/p>\n","protected":false},"excerpt":{"rendered":"<p>#NotaMeteorol\u00f3gicaEpagriCiram#Previs\u00e3oTempoSC Inverno com calor de ver\u00e3o e quebra de recorde em SC O inverno come\u00e7ou no 21 de junho, com temperatura amena, mas no \u00faltimo fim de semana (24 e 25) fez calor de mais de 30\u00b0C no Litoral. Temperatura mais elevada e pouca chuva vem ocorrendo desde o outono, em SC. No s\u00e1bado (24) [&hellip;]<\/p>\n","protected":false},"author":10,"featured_media":25932,"comment_status":"closed","ping_status":"closed","sticky":false,"template":"","format":"standard","meta":{"ocean_post_layout":"","ocean_both_sidebars_style":"","ocean_both_sidebars_content_width":0,"ocean_both_sidebars_sidebars_width":0,"ocean_sidebar":"","ocean_second_sidebar":"","ocean_disable_margins":"enable","ocean_add_body_class":"","ocean_shortcode_before_top_bar":"","ocean_shortcode_after_top_bar":"","ocean_shortcode_before_header":"","ocean_shortcode_after_header":"","ocean_has_shortcode":"","ocean_shortcode_after_title":"","ocean_shortcode_before_footer_widgets":"","ocean_shortcode_after_footer_widgets":"","ocean_shortcode_before_footer_bottom":"","ocean_shortcode_after_footer_bottom":"","ocean_display_top_bar":"default","ocean_display_header":"default","ocean_header_style":"","ocean_center_header_left_menu":"","ocean_custom_header_template":"","ocean_custom_logo":0,"ocean_custom_retina_logo":0,"ocean_custom_logo_max_width":0,"ocean_custom_logo_tablet_max_width":0,"ocean_custom_logo_mobile_max_width":0,"ocean_custom_logo_max_height":0,"ocean_custom_logo_tablet_max_height":0,"ocean_custom_logo_mobile_max_height":0,"ocean_header_custom_menu":"","ocean_menu_typo_font_family":"","ocean_menu_typo_font_subset":"","ocean_menu_typo_font_size":0,"ocean_menu_typo_font_size_tablet":0,"ocean_menu_typo_font_size_mobile":0,"ocean_menu_typo_font_size_unit":"px","ocean_menu_typo_font_weight":"","ocean_menu_typo_font_weight_tablet":"","ocean_menu_typo_font_weight_mobile":"","ocean_menu_typo_transform":"","ocean_menu_typo_transform_tablet":"","ocean_menu_typo_transform_mobile":"","ocean_menu_typo_line_height":0,"ocean_menu_typo_line_height_tablet":0,"ocean_menu_typo_line_height_mobile":0,"ocean_menu_typo_line_height_unit":"","ocean_menu_typo_spacing":0,"ocean_menu_typo_spacing_tablet":0,"ocean_menu_typo_spacing_mobile":0,"ocean_menu_typo_spacing_unit":"","ocean_menu_link_color":"","ocean_menu_link_color_hover":"","ocean_menu_link_color_active":"","ocean_menu_link_background":"","ocean_menu_link_hover_background":"","ocean_menu_link_active_background":"","ocean_menu_social_links_bg":"","ocean_menu_social_hover_links_bg":"","ocean_menu_social_links_color":"","ocean_menu_social_hover_links_color":"","ocean_disable_title":"default","ocean_disable_heading":"default","ocean_post_title":"","ocean_post_subheading":"","ocean_post_title_style":"","ocean_post_title_background_color":"","ocean_post_title_background":0,"ocean_post_title_bg_image_position":"","ocean_post_title_bg_image_attachment":"","ocean_post_title_bg_image_repeat":"","ocean_post_title_bg_image_size":"","ocean_post_title_height":0,"ocean_post_title_bg_overlay":0.5,"ocean_post_title_bg_overlay_color":"","ocean_disable_breadcrumbs":"default","ocean_breadcrumbs_color":"","ocean_breadcrumbs_separator_color":"","ocean_breadcrumbs_links_color":"","ocean_breadcrumbs_links_hover_color":"","ocean_display_footer_widgets":"default","ocean_display_footer_bottom":"default","ocean_custom_footer_template":"","ocean_post_oembed":"","ocean_post_self_hosted_media":"","ocean_post_video_embed":"","ocean_link_format":"","ocean_link_format_target":"self","ocean_quote_format":"","ocean_quote_format_link":"post","ocean_gallery_link_images":"off","ocean_gallery_id":[],"footnotes":""},"categories":[6,5],"tags":[],"class_list":["post-25930","post","type-post","status-publish","format-standard","has-post-thumbnail","hentry","category-notas-meteorologicas","category-publicacoes","entry","has-media"],"_links":{"self":[{"href":"https:\/\/ciram.epagri.sc.gov.br\/index.php\/wp-json\/wp\/v2\/posts\/25930","targetHints":{"allow":["GET"]}}],"collection":[{"href":"https:\/\/ciram.epagri.sc.gov.br\/index.php\/wp-json\/wp\/v2\/posts"}],"about":[{"href":"https:\/\/ciram.epagri.sc.gov.br\/index.php\/wp-json\/wp\/v2\/types\/post"}],"author":[{"embeddable":true,"href":"https:\/\/ciram.epagri.sc.gov.br\/index.php\/wp-json\/wp\/v2\/users\/10"}],"replies":[{"embeddable":true,"href":"https:\/\/ciram.epagri.sc.gov.br\/index.php\/wp-json\/wp\/v2\/comments?post=25930"}],"version-history":[{"count":3,"href":"https:\/\/ciram.epagri.sc.gov.br\/index.php\/wp-json\/wp\/v2\/posts\/25930\/revisions"}],"predecessor-version":[{"id":25942,"href":"https:\/\/ciram.epagri.sc.gov.br\/index.php\/wp-json\/wp\/v2\/posts\/25930\/revisions\/25942"}],"wp:featuredmedia":[{"embeddable":true,"href":"https:\/\/ciram.epagri.sc.gov.br\/index.php\/wp-json\/wp\/v2\/media\/25932"}],"wp:attachment":[{"href":"https:\/\/ciram.epagri.sc.gov.br\/index.php\/wp-json\/wp\/v2\/media?parent=25930"}],"wp:term":[{"taxonomy":"category","embeddable":true,"href":"https:\/\/ciram.epagri.sc.gov.br\/index.php\/wp-json\/wp\/v2\/categories?post=25930"},{"taxonomy":"post_tag","embeddable":true,"href":"https:\/\/ciram.epagri.sc.gov.br\/index.php\/wp-json\/wp\/v2\/tags?post=25930"}],"curies":[{"name":"wp","href":"https:\/\/api.w.org\/{rel}","templated":true}]}}