{"id":27331,"date":"2023-08-01T14:29:58","date_gmt":"2023-08-01T17:29:58","guid":{"rendered":"https:\/\/ciram.epagri.sc.gov.br\/?p=27331"},"modified":"2023-08-01T15:05:10","modified_gmt":"2023-08-01T18:05:10","slug":"epagri-acmet-e-defesa-civil-participaram-de-workshop-sobre-o-el-nino-2023-2024","status":"publish","type":"post","link":"https:\/\/ciram.epagri.sc.gov.br\/index.php\/2023\/08\/01\/epagri-acmet-e-defesa-civil-participaram-de-workshop-sobre-o-el-nino-2023-2024\/","title":{"rendered":"Epagri, ACMET e Defesa Civil participaram de workshop sobre o El Ni\u00f1o 2023\/2024"},"content":{"rendered":"\n<p>Na ultima segunda-feira dia 31\/07\/2023 foi realizado o Workshop sobre o El Ni\u00f1o 2023\/2024 \u201cSeus impactos no Sul do Brasil\u201d realizado nas depend\u00eancias do CIGERD (Centro Integrado de Gerenciamento de Riscos e Desastres) da Defesa Civil de Santa Catarina, no bairro de Capoeiras, em Florian\u00f3polis.<\/p>\n\n\n\n<p>O evento teve a sistem\u00e1tica h\u00edbrida com 70 ouvintes de forma presencial e mais 200 ouvintes na modalidade online, transmitida via <a href=\"https:\/\/www.youtube.com\/watch?v=4N0-eXQvP_E&amp;t=30s\">YouTube<\/a>, e foi Organizado pela <a href=\"https:\/\/www.instagram.com\/acmet.sc\/\">ACMET<\/a> (Associa\u00e7\u00e3o Catarinense de Meteorologia). O encontro teve diversas atividades interativas, como palestras, mesas redondas, relato de experi\u00eancias de profissionais que atuam em grandes eventos passados de El Ni\u00f1o no Estado, reuni\u00e3o t\u00e9cnica, elabora\u00e7\u00e3o e apresenta\u00e7\u00e3o de relat\u00f3rio e discuss\u00e3o sobre o tema.<\/p>\n\n\n\n<p>Dentre in\u00fameros temas apresentados, houve palestras sobre gerenciamento de riscos, gest\u00e3o de recursos h\u00eddricos, sistemas de monitoramento e alerta, mapeamento de risco, perigos costeiros, geoprocessamento e sensoriamento remoto, riscos geol\u00f3gicos, oceanogr\u00e1ficos e meteorol\u00f3gicos.<\/p>\n\n\n\n<p>O Workshop foi composto grupos por tr\u00eas grupos tem\u00e1ticos:<\/p>\n\n\n\n<p>O cient\u00edfico, com participa\u00e7\u00e3o da renomada pesquisadora Alice Grimm da Universidade Federal do Paran\u00e1. Grimm apresentou os resultados recentes de estudos sobre o fen\u00f4meno. Al\u00e9m da pesquisadora, o grupo tamb\u00e9m teve a participa\u00e7\u00e3o ilustre dos Professores Dr. Reinaldo Haas, Dr. Wendel Farias e Dr. Renato Ramos, todos da <a href=\"https:\/\/ufsc.br\/\">Universidade Federal de Santa Catarina<\/a>.<\/p>\n\n\n\n<p>O comit\u00ea de impacto do fen\u00f4meno com a participa\u00e7\u00e3o de Reinaldo Kneib, previsor do <a href=\"http:\/\/www.simepar.br\/\">Simepar<\/a> (Sistema de Meteorol\u00f3gico do Paran\u00e1), a previsora Elen Pelissaro do <a href=\"https:\/\/www.defesacivil.sc.gov.br\/\">CIGERD<\/a>, al\u00e9m do meteorologista-chefe da opera\u00e7\u00e3o do setor de Previs\u00e3o do Tempo e Monitoramento Felipe Theodorovitz, tamb\u00e9m do <a href=\"https:\/\/www.defesacivil.sc.gov.br\/\">CIGERD<\/a>. Comp\u00f4s o comit\u00ea a meteorologista da <a href=\"https:\/\/ciram.epagri.sc.gov.br\/index.php\/elnino\/\">Epagri\/Ciram<\/a>, Gils\u00e2nia Cruz.<\/p>\n\n\n\n<p>O comit\u00ea de divulga\u00e7\u00e3o das informa\u00e7\u00f5es foi desenvolvido por o prof. Dr. M\u00e1rio Quadro do <a href=\"https:\/\/www.ifsc.edu.br\/\">IFSC<\/a>, Roseli Oliveira, meteorologista presidente da <a href=\"https:\/\/www.instagram.com\/acmet.sc\/\">ACMET<\/a> e Marcelo Martins, previsor do tempo da <a href=\"https:\/\/ciram.epagri.sc.gov.br\/index.php\/previsao-municipio\/\">Epagri\/Ciram<\/a>. Este grupo foi respons\u00e1vel pela discuss\u00e3o e elabora\u00e7\u00e3o do documento com as recomenda\u00e7\u00f5es e sugest\u00f5es desenvolvidas no workshop. O documento ser\u00e1 disponibilizado e atualizado periodicamente nos portais da ACMET e <a href=\"https:\/\/ciram.epagri.sc.gov.br\/index.php\/elnino\/\">EPAGRI\/ElNi\u00f1o<\/a>.<\/p>\n\n\n\n<p>Autoridades da UFSC, IFSC, ACMET, Defesa Civil de SC e o Gerente da Epagri\/Ciram, Luis Hamilton Garbossa, participaram do evento, como mostra a Foto.<\/p>\n\n\n\n<p class=\"has-vivid-red-color has-text-color\"><strong>Vale ressaltar a inestim\u00e1vel participa\u00e7\u00e3o da Metos Brasil, como patrocinadora com a presen\u00e7a de seu executivo Luciano Loman e da meteorologista Jade Ramos.  do SIMEPAR (Sistema de Meteorol\u00f3gico do Paran\u00e1). APUSFC &#8211; SIndical e AGF (Ag\u00eancia Antigranizo de Fraiburgo).<\/strong><\/p>\n\n\n\n<figure class=\"wp-block-image size-large is-resized\"><img fetchpriority=\"high\" decoding=\"async\" src=\"https:\/\/ciram.epagri.sc.gov.br\/wp-content\/uploads\/2023\/08\/workshop-1024x691.jpg\" alt=\"\" class=\"wp-image-27332\" width=\"818\" height=\"551\" srcset=\"https:\/\/ciram.epagri.sc.gov.br\/wp-content\/uploads\/2023\/08\/workshop-1024x691.jpg 1024w, https:\/\/ciram.epagri.sc.gov.br\/wp-content\/uploads\/2023\/08\/workshop-300x202.jpg 300w, https:\/\/ciram.epagri.sc.gov.br\/wp-content\/uploads\/2023\/08\/workshop-768x518.jpg 768w, https:\/\/ciram.epagri.sc.gov.br\/wp-content\/uploads\/2023\/08\/workshop.jpg 1199w\" sizes=\"(max-width: 818px) 100vw, 818px\" \/><\/figure>\n\n\n\n<p><strong>Foto \u2013<\/strong> Autoridades de diversas institui\u00e7\u00f5es no Workshop El Ni\u00f1o 2023\/2024.<\/p>\n\n\n\n<p><strong>Marcelo Martins e Gils\u00e2nia Cruz \u2013 Meteorologistas da Epagri\/Ciram<\/strong><\/p>\n","protected":false},"excerpt":{"rendered":"<p>Na ultima segunda-feira dia 31\/07\/2023 foi realizado o Workshop sobre o El Ni\u00f1o 2023\/2024 \u201cSeus impactos no Sul do Brasil\u201d realizado nas depend\u00eancias do CIGERD (Centro Integrado de Gerenciamento de Riscos e Desastres) da Defesa Civil de Santa Catarina, no bairro de Capoeiras, em Florian\u00f3polis. O evento teve a sistem\u00e1tica h\u00edbrida com 70 ouvintes de [&hellip;]<\/p>\n","protected":false},"author":29,"featured_media":27335,"comment_status":"closed","ping_status":"closed","sticky":false,"template":"","format":"standard","meta":{"ocean_post_layout":"","ocean_both_sidebars_style":"","ocean_both_sidebars_content_width":0,"ocean_both_sidebars_sidebars_width":0,"ocean_sidebar":"","ocean_second_sidebar":"","ocean_disable_margins":"enable","ocean_add_body_class":"","ocean_shortcode_before_top_bar":"","ocean_shortcode_after_top_bar":"","ocean_shortcode_before_header":"","ocean_shortcode_after_header":"","ocean_has_shortcode":"","ocean_shortcode_after_title":"","ocean_shortcode_before_footer_widgets":"","ocean_shortcode_after_footer_widgets":"","ocean_shortcode_before_footer_bottom":"","ocean_shortcode_after_footer_bottom":"","ocean_display_top_bar":"default","ocean_display_header":"default","ocean_header_style":"","ocean_center_header_left_menu":"","ocean_custom_header_template":"","ocean_custom_logo":0,"ocean_custom_retina_logo":0,"ocean_custom_logo_max_width":0,"ocean_custom_logo_tablet_max_width":0,"ocean_custom_logo_mobile_max_width":0,"ocean_custom_logo_max_height":0,"ocean_custom_logo_tablet_max_height":0,"ocean_custom_logo_mobile_max_height":0,"ocean_header_custom_menu":"","ocean_menu_typo_font_family":"","ocean_menu_typo_font_subset":"","ocean_menu_typo_font_size":0,"ocean_menu_typo_font_size_tablet":0,"ocean_menu_typo_font_size_mobile":0,"ocean_menu_typo_font_size_unit":"px","ocean_menu_typo_font_weight":"","ocean_menu_typo_font_weight_tablet":"","ocean_menu_typo_font_weight_mobile":"","ocean_menu_typo_transform":"","ocean_menu_typo_transform_tablet":"","ocean_menu_typo_transform_mobile":"","ocean_menu_typo_line_height":0,"ocean_menu_typo_line_height_tablet":0,"ocean_menu_typo_line_height_mobile":0,"ocean_menu_typo_line_height_unit":"","ocean_menu_typo_spacing":0,"ocean_menu_typo_spacing_tablet":0,"ocean_menu_typo_spacing_mobile":0,"ocean_menu_typo_spacing_unit":"","ocean_menu_link_color":"","ocean_menu_link_color_hover":"","ocean_menu_link_color_active":"","ocean_menu_link_background":"","ocean_menu_link_hover_background":"","ocean_menu_link_active_background":"","ocean_menu_social_links_bg":"","ocean_menu_social_hover_links_bg":"","ocean_menu_social_links_color":"","ocean_menu_social_hover_links_color":"","ocean_disable_title":"default","ocean_disable_heading":"default","ocean_post_title":"","ocean_post_subheading":"","ocean_post_title_style":"","ocean_post_title_background_color":"","ocean_post_title_background":0,"ocean_post_title_bg_image_position":"","ocean_post_title_bg_image_attachment":"","ocean_post_title_bg_image_repeat":"","ocean_post_title_bg_image_size":"","ocean_post_title_height":0,"ocean_post_title_bg_overlay":0.5,"ocean_post_title_bg_overlay_color":"","ocean_disable_breadcrumbs":"default","ocean_breadcrumbs_color":"","ocean_breadcrumbs_separator_color":"","ocean_breadcrumbs_links_color":"","ocean_breadcrumbs_links_hover_color":"","ocean_display_footer_widgets":"default","ocean_display_footer_bottom":"default","ocean_custom_footer_template":"","ocean_post_oembed":"","ocean_post_self_hosted_media":"","ocean_post_video_embed":"","ocean_link_format":"","ocean_link_format_target":"self","ocean_quote_format":"","ocean_quote_format_link":"post","ocean_gallery_link_images":"off","ocean_gallery_id":[],"footnotes":""},"categories":[6,5],"tags":[],"class_list":["post-27331","post","type-post","status-publish","format-standard","has-post-thumbnail","hentry","category-notas-meteorologicas","category-publicacoes","entry","has-media"],"_links":{"self":[{"href":"https:\/\/ciram.epagri.sc.gov.br\/index.php\/wp-json\/wp\/v2\/posts\/27331","targetHints":{"allow":["GET"]}}],"collection":[{"href":"https:\/\/ciram.epagri.sc.gov.br\/index.php\/wp-json\/wp\/v2\/posts"}],"about":[{"href":"https:\/\/ciram.epagri.sc.gov.br\/index.php\/wp-json\/wp\/v2\/types\/post"}],"author":[{"embeddable":true,"href":"https:\/\/ciram.epagri.sc.gov.br\/index.php\/wp-json\/wp\/v2\/users\/29"}],"replies":[{"embeddable":true,"href":"https:\/\/ciram.epagri.sc.gov.br\/index.php\/wp-json\/wp\/v2\/comments?post=27331"}],"version-history":[{"count":3,"href":"https:\/\/ciram.epagri.sc.gov.br\/index.php\/wp-json\/wp\/v2\/posts\/27331\/revisions"}],"predecessor-version":[{"id":27339,"href":"https:\/\/ciram.epagri.sc.gov.br\/index.php\/wp-json\/wp\/v2\/posts\/27331\/revisions\/27339"}],"wp:featuredmedia":[{"embeddable":true,"href":"https:\/\/ciram.epagri.sc.gov.br\/index.php\/wp-json\/wp\/v2\/media\/27335"}],"wp:attachment":[{"href":"https:\/\/ciram.epagri.sc.gov.br\/index.php\/wp-json\/wp\/v2\/media?parent=27331"}],"wp:term":[{"taxonomy":"category","embeddable":true,"href":"https:\/\/ciram.epagri.sc.gov.br\/index.php\/wp-json\/wp\/v2\/categories?post=27331"},{"taxonomy":"post_tag","embeddable":true,"href":"https:\/\/ciram.epagri.sc.gov.br\/index.php\/wp-json\/wp\/v2\/tags?post=27331"}],"curies":[{"name":"wp","href":"https:\/\/api.w.org\/{rel}","templated":true}]}}