{"id":28141,"date":"2023-09-05T10:47:30","date_gmt":"2023-09-05T13:47:30","guid":{"rendered":"https:\/\/ciram.epagri.sc.gov.br\/?p=28141"},"modified":"2023-09-05T10:47:32","modified_gmt":"2023-09-05T13:47:32","slug":"setembro-comeca-com-chuva-em-sc","status":"publish","type":"post","link":"https:\/\/ciram.epagri.sc.gov.br\/index.php\/2023\/09\/05\/setembro-comeca-com-chuva-em-sc\/","title":{"rendered":"Setembro come\u00e7a com chuva em SC"},"content":{"rendered":"\n<p>Nos primeiros 5 dias de setembro \u00e1reas de instabilidade, associadas a cavados (\u00e1reas de baixa press\u00e3o) e \u00e0 passagem de frente fria, deixaram todas as regi\u00f5es catarinenses com chuva, com totais mais elevados superando 100 mm no Extremo Oeste e no Litoral Sul, com mostram a <strong>Tabela 1<\/strong> e a <strong>Figura 1<\/strong>. Os totais menos significativos variaram de 20 mm a 60 mm e ficaram concentrados de Laguna ao norte do Estado (Figura 1). As chuvas chegaram acompanhadas de temporais com forte atividade el\u00e9trica (raios) e com rajadas de vento que chegaram 117 km\/h em Bom Jardim da Serra e a 81 km\/h em Laguna na manh\u00e3 de 02\/09, mais intensos e persistentes no dia 04\/09 com rajadas de 70 km\/h a 120km\/h em localidades do Extremo Oeste ao Litoral Sul. Entre esta ter\u00e7a e a quinta-feira (05 a 07\/09) o sol aparece entre nuvens e a chuva deve retornar para todas as regi\u00f5es de SC a partir de sexta-feira (08\/09) (veja previs\u00e3o).<\/p>\n\n\n\n<p>Nos pr\u00f3ximos meses a chuva ser\u00e1 frequente e, com a atua\u00e7\u00e3o do fen\u00f3meno <strong><em>El Ni\u00f1o<\/em><\/strong> de intensidade <strong><em>forte<\/em><\/strong>, os temporais ser\u00e3o mais intensos (veja previs\u00e3o clim\u00e1tica).<\/p>\n\n\n\n<p><strong>Tabela 1 \u2013 <\/strong>Precipita\u00e7\u00e3o acumulada em SC em 96 horas (entre 01\/09 \u00e0s 08h e 05\/09\/2023 \u00e0s 08h). Elaborada por <strong>Maikon Alves &#8211; T\u00e9cnico em Meteorologia.<\/strong><\/p>\n\n\n\n<figure class=\"wp-block-table\"><table><tbody><tr><td><strong>Regi\u00e3o<\/strong><\/td><td><strong>Munic\u00edpio<\/strong><\/td><td><strong>Esta\u00e7\u00e3o<\/strong><\/td><td><strong>Propriet\u00e1rio<\/strong><\/td><td><strong>Chuva 96h (mm)<\/strong><\/td><\/tr><tr><td>Litoral Sul<\/td><td>Praia Grande<\/td><td>Praia Grande &#8211; Alvorada<\/td><td>Epagri<\/td><td>190,00<\/td><\/tr><tr><td>Litoral Sul<\/td><td>Jacinto Machado<\/td><td>Jacinto Machado &#8211; Paraguai<\/td><td>Epagri<\/td><td>170,80<\/td><\/tr><tr><td>Litoral Sul<\/td><td>Ararangu\u00e1<\/td><td>Ararangu\u00e1 &#8211; INMET<\/td><td>INMET<\/td><td>171,00<\/td><\/tr><tr><td>Litoral Sul<\/td><td>Nova Veneza<\/td><td>Nova Veneza &#8211; Rio Cedro M\u00e9dio<\/td><td>Epagri<\/td><td>149,40<\/td><\/tr><tr><td>Litoral Sul<\/td><td>Sombrio<\/td><td>Sombrio &#8211; Maracan\u00e3<\/td><td>Epagri<\/td><td>142,00<\/td><\/tr><tr><td>Litoral Sul<\/td><td>Meleiro<\/td><td>Foz do Manoel Alves<\/td><td>ANA<\/td><td>140,20<\/td><\/tr><tr><td>Litoral Sul<\/td><td>Timb\u00e9 do Sul<\/td><td>Timb\u00e9 do Sul &#8211; Figueira<\/td><td>Epagri<\/td><td>136,40<\/td><\/tr><tr><td>Litoral Sul<\/td><td>Crici\u00fama<\/td><td>Crici\u00fama &#8211; UNESC<\/td><td>UNESC<\/td><td>118,40<\/td><\/tr><tr><td>Litoral Sul<\/td><td>Sider\u00f3polis<\/td><td>Sider\u00f3polis &#8211; Barragem S\u00e3o Bento &#8211; CASAN<\/td><td>CASAN<\/td><td>112,00<\/td><\/tr><tr><td>Litoral Sul<\/td><td>Urussanga<\/td><td>Urussanga &#8211; INMET<\/td><td>INMET<\/td><td>97,00<\/td><\/tr><tr><td>Litoral Sul<\/td><td>Jaguaruna<\/td><td>Jaguaruna &#8211; Campo Experimental\/Epagri<\/td><td>Epagri<\/td><td>70,80<\/td><\/tr><tr><td>Litoral Sul<\/td><td>Laguna<\/td><td>Laguna &#8211; INMET<\/td><td>INMET<\/td><td>63,00<\/td><\/tr><tr><td>Litoral Sul<\/td><td>Tubar\u00e3o<\/td><td>Rio do Pouso<\/td><td>ANA<\/td><td>47,60<\/td><\/tr><tr><td>Litoral Sul<\/td><td>Gravatal<\/td><td>Gravatal &#8211; Epagri<\/td><td>Epagri<\/td><td>25,40<\/td><\/tr><tr><td>Litoral Sul<\/td><td>Bra\u00e7o do Norte<\/td><td>Bra\u00e7o do Norte &#8211; Montante<\/td><td>ANA<\/td><td>22,80<\/td><\/tr><tr><td>Litoral Sul<\/td><td>S\u00e3o Martinho<\/td><td>S\u00e3o Martinho &#8211; Jusante<\/td><td>ANA<\/td><td>16,20<\/td><\/tr><tr><td>Litoral Sul<\/td><td>Rio Fortuna<\/td><td>Rio Fortuna &#8211; Rio Caf\u00e9<\/td><td>Epagri<\/td><td>15,20<\/td><\/tr><tr><td>Litoral Sul<\/td><td>Imbituba<\/td><td>Imbituba &#8211; Porto de Imbituba<\/td><td>Epagri<\/td><td>13,40<\/td><\/tr><tr><td>Litoral Sul<\/td><td>I\u00e7ara<\/td><td>I\u00e7ara &#8211; Linha Zili<\/td><td>Epagri<\/td><td>12,40<\/td><\/tr><tr><td>Extremo Oeste<\/td><td>Itapiranga<\/td><td>Itapiranga<\/td><td>ANA<\/td><td>139,20<\/td><\/tr><tr><td>Extremo Oeste<\/td><td>Dion\u00edsio Cerqueira<\/td><td>Dion\u00edsio Cerqueira &#8211; INMET<\/td><td>INMET<\/td><td>118,60<\/td><\/tr><tr><td>Extremo Oeste<\/td><td>Monda\u00ed<\/td><td>Linha Jata\u00ed<\/td><td>ANA<\/td><td>106,60<\/td><\/tr><tr><td>Extremo Oeste<\/td><td>Caibi<\/td><td>Caibi &#8211; Linha Roversi<\/td><td>Epagri<\/td><td>101,40<\/td><\/tr><tr><td>Extremo Oeste<\/td><td>Guaraciaba<\/td><td>Guatapara de Baixo<\/td><td>ANA<\/td><td>89,60<\/td><\/tr><tr><td>Extremo Oeste<\/td><td>Maravilha<\/td><td>Maravilha &#8211; Bairro Progresso<\/td><td>Epagri<\/td><td>81,60<\/td><\/tr><tr><td>Extremo Oeste<\/td><td>Anchieta<\/td><td>Anchieta &#8211; Ar livre Ecoturismo<\/td><td>Epagri<\/td><td>69,60<\/td><\/tr><tr><td>Extremo Oeste<\/td><td>Novo Horizonte<\/td><td>Novo Horizonte &#8211; INMET<\/td><td>INMET<\/td><td>62,60<\/td><\/tr><tr><td>Extremo Oeste<\/td><td>\u00c1guas Frias<\/td><td>\u00c1guas Frias &#8211; Linha Porto<\/td><td>Epagri<\/td><td>60,20<\/td><\/tr><tr><td>Extremo Oeste<\/td><td>Abelardo Luz<\/td><td>Abelardo Luz &#8211; Linha Alegre do Marco<\/td><td>Epagri<\/td><td>49,20<\/td><\/tr><tr><td>Planalto Sul<\/td><td>S\u00e3o Joaquim<\/td><td>S\u00e3o Joaquim &#8211; Boava<\/td><td>Epagri<\/td><td>137,00<\/td><\/tr><tr><td>Planalto Sul<\/td><td>Bom Jardim da Serra<\/td><td>Bom Jardim da Serra &#8211; Comunidade XV Dias<\/td><td>Epagri<\/td><td>100,40<\/td><\/tr><tr><td>Planalto Sul<\/td><td>Lages<\/td><td>Lages &#8211; INMET<\/td><td>INMET<\/td><td>84,60<\/td><\/tr><tr><td>Planalto Sul<\/td><td>Urupema<\/td><td>Urupema &#8211; Parque de Exposi\u00e7\u00e3o<\/td><td>Epagri<\/td><td>79,00<\/td><\/tr><tr><td>Planalto Sul<\/td><td>Otac\u00edlio Costa<\/td><td>Encruzilhada II<\/td><td>ANA<\/td><td>70,60<\/td><\/tr><tr><td>Planalto Sul<\/td><td>Rio Rufino<\/td><td>Rio Rufino &#8211; Centro<\/td><td>Epagri<\/td><td>68,20<\/td><\/tr><tr><td>Planalto Sul<\/td><td>Urubici<\/td><td>Urubici &#8211; Vacas Gordas &#8211; CDL<\/td><td>CDL\/URUBICI<\/td><td>62,80<\/td><\/tr><tr><td>Planalto Sul<\/td><td>Painel<\/td><td>Painel &#8211; Pinheiros Altos<\/td><td>Epagri<\/td><td>47,60<\/td><\/tr><tr><td>Planalto Sul<\/td><td>Bom Retiro<\/td><td>Bom Retiro &#8211; Jo\u00e3o Paulo<\/td><td>Epagri<\/td><td>7,40<\/td><\/tr><tr><td>Meio-Oeste<\/td><td>Piratuba<\/td><td>Piratuba<\/td><td>Epagri<\/td><td>90,40<\/td><\/tr><tr><td>Meio-Oeste<\/td><td>Rio das Antas<\/td><td>Rio das Antas &#8211; Linha Rio Bonito<\/td><td>Epagri<\/td><td>75,20<\/td><\/tr><tr><td>Meio-Oeste<\/td><td>Tangar\u00e1<\/td><td>Tangar\u00e1<\/td><td>ANA<\/td><td>73,80<\/td><\/tr><tr><td>Meio-Oeste<\/td><td>Ca\u00e7ador<\/td><td>Ca\u00e7ador &#8211; INMET<\/td><td>INMET<\/td><td>71,20<\/td><\/tr><tr><td>Meio-Oeste<\/td><td>Joa\u00e7aba<\/td><td>Joa\u00e7aba &#8211; INMET<\/td><td>INMET<\/td><td>70,20<\/td><\/tr><tr><td>Meio-Oeste<\/td><td>Brun\u00f3polis<\/td><td>Brun\u00f3polis &#8211; Centro<\/td><td>Epagri<\/td><td>58,80<\/td><\/tr><tr><td>Meio-Oeste<\/td><td>Fraiburgo<\/td><td>Fraiburgo &#8211; Buti\u00e1 Verde<\/td><td>Epagri<\/td><td>58,40<\/td><\/tr><tr><td>Meio-Oeste<\/td><td>Ouro<\/td><td>Ouro &#8211; Linha S\u00e3o Jos\u00e9<\/td><td>Epagri<\/td><td>56,40<\/td><\/tr><tr><td>Meio-Oeste<\/td><td>Zort\u00e9a<\/td><td>Zortea &#8211; Linha Pouso Alto<\/td><td>Epagri<\/td><td>56,20<\/td><\/tr><tr><td>Meio-Oeste<\/td><td>Ibiam<\/td><td>Ibiam &#8211; Linha Santa Lucia<\/td><td>Epagri<\/td><td>55,00<\/td><\/tr><tr><td>Meio-Oeste<\/td><td>Lebon R\u00e9gis<\/td><td>Lebon R\u00e9gis &#8211; Faz. Fertilidade<\/td><td>Epagri<\/td><td>54,40<\/td><\/tr><tr><td>Meio-Oeste<\/td><td>Celso Ramos<\/td><td>Celso Ramos&nbsp; &#8211;&nbsp; Comunidade Imaculada Concei\u00e7\u00e3o<\/td><td>Epagri<\/td><td>51,80<\/td><\/tr><tr><td>Meio-Oeste<\/td><td>Curitibanos<\/td><td>Curitibanos &#8211; INMET<\/td><td>INMET<\/td><td>49,40<\/td><\/tr><tr><td>Meio-Oeste<\/td><td>Campos Novos<\/td><td>Campos Novos &#8211; INMET<\/td><td>INMET<\/td><td>49,40<\/td><\/tr><tr><td>Meio-Oeste<\/td><td>Santa Cec\u00edlia<\/td><td>Santa Cec\u00edlia &#8211; Faz. Rio Grande<\/td><td>Epagri<\/td><td>46,00<\/td><\/tr><tr><td>Meio-Oeste<\/td><td>Frei Rog\u00e9rio<\/td><td>Frei Rogerio &#8211; N\u00facleo Celso Ramos<\/td><td>Epagri<\/td><td>43,20<\/td><\/tr><tr><td>Meio-Oeste<\/td><td>Pinheiro Preto<\/td><td>Pinheiro Preto<\/td><td>Epagri<\/td><td>42,60<\/td><\/tr><tr><td>Meio-Oeste<\/td><td>Videira<\/td><td>Videira &#8211; EE_Videira\/Automatizada<\/td><td>Epagri<\/td><td>38,00<\/td><\/tr><tr><td>Meio-Oeste<\/td><td>Arroio Trinta<\/td><td>Arroio Trinta &#8211; Linha Sto. Ant\u00f4nio<\/td><td>Epagri<\/td><td>30,20<\/td><\/tr><tr><td>Meio-Oeste<\/td><td>S\u00e3o Cristov\u00e3o do Sul<\/td><td>S\u00e3o Cristov\u00e3o do Sul &#8211; Parque da Ovelha<\/td><td>Epagri<\/td><td>26,40<\/td><\/tr><tr><td>Vale do Itaja\u00ed<\/td><td>Chapad\u00e3o do Lageado<\/td><td>Chapad\u00e3o do Lageado &#8211; Florestal<\/td><td>Epagri<\/td><td>87,00<\/td><\/tr><tr><td>Vale do Itaja\u00ed<\/td><td>Atalanta<\/td><td>Atalanta &#8211; Ca\u00e7ador<\/td><td>Epagri<\/td><td>82,80<\/td><\/tr><tr><td>Vale do Itaja\u00ed<\/td><td>Mirim Doce<\/td><td>Mirim Doce &#8211; Volta Grande<\/td><td>Epagri<\/td><td>77,60<\/td><\/tr><tr><td>Vale do Itaja\u00ed<\/td><td>Imbuia<\/td><td>Imbuia &#8211; Samambaia<\/td><td>Epagri<\/td><td>72,90<\/td><\/tr><tr><td>Vale do Itaja\u00ed<\/td><td>Ituporanga<\/td><td>Ituporanga &#8211; Bela Vista<\/td><td>Epagri<\/td><td>68,40<\/td><\/tr><tr><td>Vale do Itaja\u00ed<\/td><td>Petrol\u00e2ndia<\/td><td>Petrol\u00e2ndia &#8211; Tifa Doerner<\/td><td>Epagri<\/td><td>65,40<\/td><\/tr><tr><td>Vale do Itaja\u00ed<\/td><td>Rio do Campo<\/td><td>Rio do Campo &#8211; INMET<\/td><td>INMET<\/td><td>45,20<\/td><\/tr><tr><td>Vale do Itaja\u00ed<\/td><td>Jos\u00e9 Boiteux<\/td><td>Jose Boiteux<\/td><td>ANA<\/td><td>44,40<\/td><\/tr><tr><td>Vale do Itaja\u00ed<\/td><td>Tai\u00f3<\/td><td>Barragem Tai\u00f3 Montante<\/td><td>ANA<\/td><td>44,00<\/td><\/tr><tr><td>Vale do Itaja\u00ed<\/td><td>Vidal Ramos<\/td><td>Vidal Ramos &#8211; Rio das Pacas<\/td><td>Epagri<\/td><td>40,70<\/td><\/tr><tr><td>Vale do Itaja\u00ed<\/td><td>Lontras<\/td><td>Lontras &#8211; Pioneiros<\/td><td>Epagri<\/td><td>37,00<\/td><\/tr><tr><td>Vale do Itaja\u00ed<\/td><td>Presidente Get\u00falio<\/td><td>Presidente Get\u00falio &#8211; Serra dos \u00cdndios<\/td><td>Epagri<\/td><td>32,00<\/td><\/tr><tr><td>Vale do Itaja\u00ed<\/td><td>Salete<\/td><td>Ponte Moratelli<\/td><td>ANA<\/td><td>29,20<\/td><\/tr><tr><td>Vale do Itaja\u00ed<\/td><td>Agron\u00f4mica<\/td><td>Agron\u00f4mica &#8211; Cetrag\/Epagri<\/td><td>Epagri<\/td><td>28,00<\/td><\/tr><tr><td>Vale do Itaja\u00ed<\/td><td>Brusque<\/td><td>Brusque<\/td><td>ANA<\/td><td>19,00<\/td><\/tr><tr><td>Vale do Itaja\u00ed<\/td><td>Indaial<\/td><td>Indaial &#8211; INMET<\/td><td>INMET<\/td><td>12,60<\/td><\/tr><tr><td>Vale do Itaja\u00ed<\/td><td>Blumenau<\/td><td>Blumenau<\/td><td>ANA<\/td><td>7,40<\/td><\/tr><tr><td>Fpolis Serrana<\/td><td>Leoberto Leal<\/td><td>Leoberto Leal &#8211; Rio Emiliano<\/td><td>Epagri<\/td><td>79,60<\/td><\/tr><tr><td>Fpolis Serrana<\/td><td>Rancho Queimado<\/td><td>Rancho Queimado &#8211; INMET<\/td><td>INMET<\/td><td>65,60<\/td><\/tr><tr><td>Fpolis Serrana<\/td><td>Major Gercino<\/td><td>Major Gercino &#8211; Campinho<\/td><td>Epagri<\/td><td>42,00<\/td><\/tr><tr><td>Fpolis Serrana<\/td><td>S\u00e3o Bonif\u00e1cio<\/td><td>S\u00e3o Bonif\u00e1cio &#8211; Est. Geral do Rio Atafona I<\/td><td>Epagri<\/td><td>21,40<\/td><\/tr><tr><td>Oeste<\/td><td>Chapec\u00f3<\/td><td>Chapec\u00f3 &#8211; Foz do Chapec\u00f3 Energia<\/td><td>Foz do Chapec\u00f3 Energia S.A.<\/td><td>77,40<\/td><\/tr><tr><td>Oeste<\/td><td>Conc\u00f3rdia<\/td><td>Conc\u00f3rdia &#8211; Cetredia\/Epagri<\/td><td>Epagri<\/td><td>63,40<\/td><\/tr><tr><td>Oeste<\/td><td>Saudades<\/td><td>Saudades<\/td><td>ANA<\/td><td>61,20<\/td><\/tr><tr><td>Oeste<\/td><td>Ponte Serrada<\/td><td>Ponte Serrada<\/td><td>Epagri<\/td><td>55,80<\/td><\/tr><tr><td>Oeste<\/td><td>Xanxer\u00ea<\/td><td>Xanxer\u00ea &#8211; INMET<\/td><td>INMET<\/td><td>50,80<\/td><\/tr><tr><td>Planalto Norte<\/td><td>Major Vieira<\/td><td>Major Vieira &#8211; Rio Novo<\/td><td>Epagri<\/td><td>57,80<\/td><\/tr><tr><td>Planalto Norte<\/td><td>Porto Uni\u00e3o<\/td><td>Porto Uni\u00e3o &#8211; Pintadinho<\/td><td>Epagri<\/td><td>54,20<\/td><\/tr><tr><td>Planalto Norte<\/td><td>Canoinhas<\/td><td>Canoinhas &#8211; IFSC<\/td><td>Epagri<\/td><td>50,00<\/td><\/tr><tr><td>Planalto Norte<\/td><td>Papanduva<\/td><td>Papanduva &#8211; Carijos<\/td><td>Epagri<\/td><td>46,40<\/td><\/tr><tr><td>Planalto Norte<\/td><td>Rio Negrinho<\/td><td>Rio Negrinho &#8211; Fazenda Souza<\/td><td>Epagri<\/td><td>44,00<\/td><\/tr><tr><td>Planalto Norte<\/td><td>Monte Castelo<\/td><td>Monte Castelo &#8211; Rodeio Grande<\/td><td>Epagri<\/td><td>42,80<\/td><\/tr><tr><td>Planalto Norte<\/td><td>Irine\u00f3polis<\/td><td>Irine\u00f3polis &#8211; Bom Retiro<\/td><td>Epagri<\/td><td>42,60<\/td><\/tr><tr><td>Planalto Norte<\/td><td>Mafra<\/td><td>Mafra &#8211; Espig\u00e3o do Bugre<\/td><td>Epagri<\/td><td>37,40<\/td><\/tr><tr><td>Planalto Norte<\/td><td>Itai\u00f3polis<\/td><td>Itai\u00f3polis &#8211; Santo Ant\u00f4nio<\/td><td>Epagri<\/td><td>33,00<\/td><\/tr><tr><td>Planalto Norte<\/td><td>S\u00e3o Bento do Sul<\/td><td>S\u00e3o Bento do Sul &#8211; Mato Preto<\/td><td>Epagri<\/td><td>22,80<\/td><\/tr><tr><td>Fpolis Litor\u00e2nea<\/td><td>Santo Amaro da Imperatriz<\/td><td>Santo Amaro da Imperatriz &#8211; Bairro Sul do Rio<\/td><td>Epagri<\/td><td>47,60<\/td><\/tr><tr><td>Fpolis Litor\u00e2nea<\/td><td>\u00c1guas Mornas<\/td><td>\u00c1guas Mornas &#8211; Beira Rio<\/td><td>Epagri<\/td><td>45,80<\/td><\/tr><tr><td>Fpolis Litor\u00e2nea<\/td><td>Nova Trento<\/td><td>Nova Trento &#8211; UFSC<\/td><td>UFSC<\/td><td>40,86<\/td><\/tr><tr><td>Fpolis Litor\u00e2nea<\/td><td>Palho\u00e7a<\/td><td>Palho\u00e7a &#8211; Rio Cubat\u00e3o &#8211; CASAN<\/td><td>CASAN<\/td><td>32,60<\/td><\/tr><tr><td>Fpolis Litor\u00e2nea<\/td><td>S\u00e3o Jo\u00e3o Batista<\/td><td>S\u00e3o Jo\u00e3o Batista<\/td><td>ANA<\/td><td>27,60<\/td><\/tr><tr><td>Fpolis Litor\u00e2nea<\/td><td>Ant\u00f4nio Carlos<\/td><td>Antonio Carlos &#8211; Bairro Usina<\/td><td>Epagri<\/td><td>25,60<\/td><\/tr><tr><td>Fpolis Litor\u00e2nea<\/td><td>Florian\u00f3polis<\/td><td>Florian\u00f3polis &#8211; Santo Ant\u00f4nio de Lisboa<\/td><td>Epagri<\/td><td>24,80<\/td><\/tr><tr><td>Fpolis Litor\u00e2nea<\/td><td>S\u00e3o Jos\u00e9<\/td><td>S\u00e3o Jos\u00e9 &#8211; INMET<\/td><td>INMET<\/td><td>23,60<\/td><\/tr><tr><td>Fpolis Litor\u00e2nea<\/td><td>Tijucas<\/td><td>Tijucas &#8211; Bairro Universit\u00e1rios<\/td><td>Epagri<\/td><td>15,40<\/td><\/tr><tr><td>Litoral Norte<\/td><td>Itapo\u00e1<\/td><td>Itapo\u00e1 (Porto de Itapo\u00e1)<\/td><td>Epagri<\/td><td>20,60<\/td><\/tr><tr><td>Litoral Norte<\/td><td>Corup\u00e1<\/td><td>Corup\u00e1 &#8211; Guarajuva<\/td><td>Epagri<\/td><td>20,00<\/td><\/tr><tr><td>Litoral Norte<\/td><td>Balne\u00e1rio Cambori\u00fa<\/td><td>Bal. Cambori\u00fa (Praia de Laranjeiras)<\/td><td>Epagri<\/td><td>16,20<\/td><\/tr><tr><td>Litoral Norte<\/td><td>Itaja\u00ed<\/td><td>Itaja\u00ed &#8211; INMET<\/td><td>INMET<\/td><td>14,00<\/td><\/tr><tr><td>Litoral Norte<\/td><td>Joinville<\/td><td>Joinville &#8211; Pirabeiraba<\/td><td>Epagri<\/td><td>13,00<\/td><\/tr><tr><td>Litoral Norte<\/td><td>Cambori\u00fa<\/td><td>Cambori\u00fa &#8211; Salto dos Pil\u00f5es<\/td><td>Epagri<\/td><td>11,40<\/td><\/tr><tr><td>Litoral Norte<\/td><td>Schroeder<\/td><td>Schroeder<\/td><td>ANA<\/td><td>4,69<\/td><\/tr><tr><td>Litoral Norte<\/td><td>Garuva<\/td><td>Garuva &#8211; S\u00e3o Jo\u00e3o Abaixo<\/td><td>Epagri<\/td><td>11,20<\/td><\/tr><tr><td>Litoral Norte<\/td><td>Luiz Alves<\/td><td>Luiz Alves<\/td><td>ANA<\/td><td>10,80<\/td><\/tr><tr><td>Litoral Norte<\/td><td>Massaranduba<\/td><td>Massaranduba &#8211; Cooperativa Juriti<\/td><td>Epagri<\/td><td>10,40<\/td><\/tr><tr><td>Litoral Norte<\/td><td>Jaragu\u00e1 do Sul<\/td><td>Jaragu\u00e1 do Sul<\/td><td>ANA<\/td><td>8,00<\/td><\/tr><\/tbody><\/table><\/figure>\n\n\n\n<figure class=\"wp-block-image size-large\"><img fetchpriority=\"high\" decoding=\"async\" width=\"1024\" height=\"724\" src=\"https:\/\/ciram.epagri.sc.gov.br\/wp-content\/uploads\/2023\/09\/imaxxx-1024x724.jpg\" alt=\"\" class=\"wp-image-28142\" srcset=\"https:\/\/ciram.epagri.sc.gov.br\/wp-content\/uploads\/2023\/09\/imaxxx-1024x724.jpg 1024w, https:\/\/ciram.epagri.sc.gov.br\/wp-content\/uploads\/2023\/09\/imaxxx-300x212.jpg 300w, https:\/\/ciram.epagri.sc.gov.br\/wp-content\/uploads\/2023\/09\/imaxxx-768x543.jpg 768w, https:\/\/ciram.epagri.sc.gov.br\/wp-content\/uploads\/2023\/09\/imaxxx-1536x1087.jpg 1536w, https:\/\/ciram.epagri.sc.gov.br\/wp-content\/uploads\/2023\/09\/imaxxx-2048x1449.jpg 2048w\" sizes=\"(max-width: 1024px) 100vw, 1024px\" \/><\/figure>\n\n\n\n<p><strong>Figura 1<\/strong> \u2013 Precipita\u00e7\u00e3o acumulada em SC em 96h \u2013 Entre as 08h do dia 01\/09\/2023 \u00e1s 08h do dia 05\/09\/2023. Fonte: Epagri\/Ciram. Elaborado por Maikon Alves \u2013 T\u00e9cnico em Meteorologia.<\/p>\n\n\n\n<p><strong>Marilene de Lima e Gils\u00e2nia Cruz &#8211; Meteorologistas (Epagri\/Ciram)<\/strong><\/p>\n\n\n\n<p><em>Acompanhe a atualiza\u00e7\u00e3o dos avisos meteorol\u00f3gicos di\u00e1rios, na p\u00e1gina da Epagri\/Ciram e redes sociais. Procure sempre as informa\u00e7\u00f5es em sites oficiais<\/em>.<\/p>\n\n\n\n<p>Epagri\/Ciram no Facebook <img decoding=\"async\" width=\"26\" height=\"26\" src=\"\">e @epagriciram no Twitter <img decoding=\"async\" width=\"28\" height=\"28\" src=\"\">.<\/p>\n","protected":false},"excerpt":{"rendered":"<p>Nos primeiros 5 dias de setembro \u00e1reas de instabilidade, associadas a cavados (\u00e1reas de baixa press\u00e3o) e \u00e0 passagem de frente fria, deixaram todas as regi\u00f5es catarinenses com chuva, com totais mais elevados superando 100 mm no Extremo Oeste e no Litoral Sul, com mostram a Tabela 1 e a Figura 1. Os totais menos [&hellip;]<\/p>\n","protected":false},"author":29,"featured_media":28143,"comment_status":"closed","ping_status":"closed","sticky":false,"template":"","format":"standard","meta":{"ocean_post_layout":"","ocean_both_sidebars_style":"","ocean_both_sidebars_content_width":0,"ocean_both_sidebars_sidebars_width":0,"ocean_sidebar":"","ocean_second_sidebar":"","ocean_disable_margins":"enable","ocean_add_body_class":"","ocean_shortcode_before_top_bar":"","ocean_shortcode_after_top_bar":"","ocean_shortcode_before_header":"","ocean_shortcode_after_header":"","ocean_has_shortcode":"","ocean_shortcode_after_title":"","ocean_shortcode_before_footer_widgets":"","ocean_shortcode_after_footer_widgets":"","ocean_shortcode_before_footer_bottom":"","ocean_shortcode_after_footer_bottom":"","ocean_display_top_bar":"default","ocean_display_header":"default","ocean_header_style":"","ocean_center_header_left_menu":"","ocean_custom_header_template":"","ocean_custom_logo":0,"ocean_custom_retina_logo":0,"ocean_custom_logo_max_width":0,"ocean_custom_logo_tablet_max_width":0,"ocean_custom_logo_mobile_max_width":0,"ocean_custom_logo_max_height":0,"ocean_custom_logo_tablet_max_height":0,"ocean_custom_logo_mobile_max_height":0,"ocean_header_custom_menu":"","ocean_menu_typo_font_family":"","ocean_menu_typo_font_subset":"","ocean_menu_typo_font_size":0,"ocean_menu_typo_font_size_tablet":0,"ocean_menu_typo_font_size_mobile":0,"ocean_menu_typo_font_size_unit":"px","ocean_menu_typo_font_weight":"","ocean_menu_typo_font_weight_tablet":"","ocean_menu_typo_font_weight_mobile":"","ocean_menu_typo_transform":"","ocean_menu_typo_transform_tablet":"","ocean_menu_typo_transform_mobile":"","ocean_menu_typo_line_height":0,"ocean_menu_typo_line_height_tablet":0,"ocean_menu_typo_line_height_mobile":0,"ocean_menu_typo_line_height_unit":"","ocean_menu_typo_spacing":0,"ocean_menu_typo_spacing_tablet":0,"ocean_menu_typo_spacing_mobile":0,"ocean_menu_typo_spacing_unit":"","ocean_menu_link_color":"","ocean_menu_link_color_hover":"","ocean_menu_link_color_active":"","ocean_menu_link_background":"","ocean_menu_link_hover_background":"","ocean_menu_link_active_background":"","ocean_menu_social_links_bg":"","ocean_menu_social_hover_links_bg":"","ocean_menu_social_links_color":"","ocean_menu_social_hover_links_color":"","ocean_disable_title":"default","ocean_disable_heading":"default","ocean_post_title":"","ocean_post_subheading":"","ocean_post_title_style":"","ocean_post_title_background_color":"","ocean_post_title_background":0,"ocean_post_title_bg_image_position":"","ocean_post_title_bg_image_attachment":"","ocean_post_title_bg_image_repeat":"","ocean_post_title_bg_image_size":"","ocean_post_title_height":0,"ocean_post_title_bg_overlay":0.5,"ocean_post_title_bg_overlay_color":"","ocean_disable_breadcrumbs":"default","ocean_breadcrumbs_color":"","ocean_breadcrumbs_separator_color":"","ocean_breadcrumbs_links_color":"","ocean_breadcrumbs_links_hover_color":"","ocean_display_footer_widgets":"default","ocean_display_footer_bottom":"default","ocean_custom_footer_template":"","ocean_post_oembed":"","ocean_post_self_hosted_media":"","ocean_post_video_embed":"","ocean_link_format":"","ocean_link_format_target":"self","ocean_quote_format":"","ocean_quote_format_link":"post","ocean_gallery_link_images":"off","ocean_gallery_id":[],"footnotes":""},"categories":[6,5],"tags":[],"class_list":["post-28141","post","type-post","status-publish","format-standard","has-post-thumbnail","hentry","category-notas-meteorologicas","category-publicacoes","entry","has-media"],"_links":{"self":[{"href":"https:\/\/ciram.epagri.sc.gov.br\/index.php\/wp-json\/wp\/v2\/posts\/28141","targetHints":{"allow":["GET"]}}],"collection":[{"href":"https:\/\/ciram.epagri.sc.gov.br\/index.php\/wp-json\/wp\/v2\/posts"}],"about":[{"href":"https:\/\/ciram.epagri.sc.gov.br\/index.php\/wp-json\/wp\/v2\/types\/post"}],"author":[{"embeddable":true,"href":"https:\/\/ciram.epagri.sc.gov.br\/index.php\/wp-json\/wp\/v2\/users\/29"}],"replies":[{"embeddable":true,"href":"https:\/\/ciram.epagri.sc.gov.br\/index.php\/wp-json\/wp\/v2\/comments?post=28141"}],"version-history":[{"count":1,"href":"https:\/\/ciram.epagri.sc.gov.br\/index.php\/wp-json\/wp\/v2\/posts\/28141\/revisions"}],"predecessor-version":[{"id":28144,"href":"https:\/\/ciram.epagri.sc.gov.br\/index.php\/wp-json\/wp\/v2\/posts\/28141\/revisions\/28144"}],"wp:featuredmedia":[{"embeddable":true,"href":"https:\/\/ciram.epagri.sc.gov.br\/index.php\/wp-json\/wp\/v2\/media\/28143"}],"wp:attachment":[{"href":"https:\/\/ciram.epagri.sc.gov.br\/index.php\/wp-json\/wp\/v2\/media?parent=28141"}],"wp:term":[{"taxonomy":"category","embeddable":true,"href":"https:\/\/ciram.epagri.sc.gov.br\/index.php\/wp-json\/wp\/v2\/categories?post=28141"},{"taxonomy":"post_tag","embeddable":true,"href":"https:\/\/ciram.epagri.sc.gov.br\/index.php\/wp-json\/wp\/v2\/tags?post=28141"}],"curies":[{"name":"wp","href":"https:\/\/api.w.org\/{rel}","templated":true}]}}