{"id":28420,"date":"2023-09-14T09:27:46","date_gmt":"2023-09-14T12:27:46","guid":{"rendered":"https:\/\/ciram.epagri.sc.gov.br\/?p=28420"},"modified":"2023-09-14T09:30:49","modified_gmt":"2023-09-14T12:30:49","slug":"sexta-feira-fria-com-geada-e-fim-de-semana-com-forte-aquecimento","status":"publish","type":"post","link":"https:\/\/ciram.epagri.sc.gov.br\/index.php\/2023\/09\/14\/sexta-feira-fria-com-geada-e-fim-de-semana-com-forte-aquecimento\/","title":{"rendered":"Sexta-feira fria com geada e fim de semana com forte aquecimento"},"content":{"rendered":"\n<p><\/p>\n\n\n\n<p>O inverno tem sido marcado por grande varia\u00e7\u00e3o de temperatura em SC, uma hora frio e outra calor, e vai se despedindo da mesma forma. Uma massa de ar frio e seco deixa os pr\u00f3ximos dias ensolarados em todas as regi\u00f5es, mais frio no amanhecer de sexta-feira (15) com m\u00ednima variando de -2\u00b0C a 4\u00b0C nas \u00e1reas altas do Oeste, Meio-Oeste e Planalto Sul, com condi\u00e7\u00e3o para forma\u00e7\u00e3o de geada isolada, ver <strong>Figura 1<\/strong> (probabilidade de 80 a 100%). Esse frio dura pouco, a temperatura volta a subir a partir da tarde de s\u00e1bado (16) e especialmente no domingo (17), com m\u00e1ximas de 30\u00b0C a 34\u00b0C (<a href=\"https:\/\/ciram.epagri.sc.gov.br\/index.php\/previsao-modelo-temperatura\/#mapa\">ver temperatura<\/a>).<\/p>\n\n\n\n<figure class=\"wp-block-image size-large is-resized\"><img fetchpriority=\"high\" decoding=\"async\" src=\"https:\/\/ciram.epagri.sc.gov.br\/wp-content\/uploads\/2023\/09\/geada-1024x801.png\" alt=\"\" class=\"wp-image-28421\" style=\"width:662px;height:518px\" width=\"662\" height=\"518\" srcset=\"https:\/\/ciram.epagri.sc.gov.br\/wp-content\/uploads\/2023\/09\/geada-1024x801.png 1024w, https:\/\/ciram.epagri.sc.gov.br\/wp-content\/uploads\/2023\/09\/geada-300x235.png 300w, https:\/\/ciram.epagri.sc.gov.br\/wp-content\/uploads\/2023\/09\/geada-768x601.png 768w, https:\/\/ciram.epagri.sc.gov.br\/wp-content\/uploads\/2023\/09\/geada.png 1201w\" sizes=\"(max-width: 662px) 100vw, 662px\" \/><\/figure>\n\n\n\n<p><strong>&nbsp;&nbsp;&nbsp;&nbsp;&nbsp;&nbsp;&nbsp;&nbsp;&nbsp;&nbsp;&nbsp;&nbsp;&nbsp;&nbsp;&nbsp;&nbsp;&nbsp;&nbsp;&nbsp;&nbsp;&nbsp;&nbsp;&nbsp;&nbsp;&nbsp;&nbsp; Figura 1<\/strong> \u2013 Probabilidade de geada em SC, na sexta-feira (15\/09\/2023)<\/p>\n\n\n\n<p><strong>Gils\u00e2nia Cruz e Marcelo Martins &#8211; Meteorologistas (Epagri\/Ciram)<\/strong><\/p>\n","protected":false},"excerpt":{"rendered":"<p>O inverno tem sido marcado por grande varia\u00e7\u00e3o de temperatura em SC, uma hora frio e outra calor, e vai se despedindo da mesma forma. Uma massa de ar frio e seco deixa os pr\u00f3ximos dias ensolarados em todas as regi\u00f5es, mais frio no amanhecer de sexta-feira (15) com m\u00ednima variando de -2\u00b0C a 4\u00b0C [&hellip;]<\/p>\n","protected":false},"author":29,"featured_media":28424,"comment_status":"closed","ping_status":"closed","sticky":false,"template":"","format":"standard","meta":{"ocean_post_layout":"","ocean_both_sidebars_style":"","ocean_both_sidebars_content_width":0,"ocean_both_sidebars_sidebars_width":0,"ocean_sidebar":"","ocean_second_sidebar":"","ocean_disable_margins":"enable","ocean_add_body_class":"","ocean_shortcode_before_top_bar":"","ocean_shortcode_after_top_bar":"","ocean_shortcode_before_header":"","ocean_shortcode_after_header":"","ocean_has_shortcode":"","ocean_shortcode_after_title":"","ocean_shortcode_before_footer_widgets":"","ocean_shortcode_after_footer_widgets":"","ocean_shortcode_before_footer_bottom":"","ocean_shortcode_after_footer_bottom":"","ocean_display_top_bar":"default","ocean_display_header":"default","ocean_header_style":"","ocean_center_header_left_menu":"","ocean_custom_header_template":"","ocean_custom_logo":0,"ocean_custom_retina_logo":0,"ocean_custom_logo_max_width":0,"ocean_custom_logo_tablet_max_width":0,"ocean_custom_logo_mobile_max_width":0,"ocean_custom_logo_max_height":0,"ocean_custom_logo_tablet_max_height":0,"ocean_custom_logo_mobile_max_height":0,"ocean_header_custom_menu":"","ocean_menu_typo_font_family":"","ocean_menu_typo_font_subset":"","ocean_menu_typo_font_size":0,"ocean_menu_typo_font_size_tablet":0,"ocean_menu_typo_font_size_mobile":0,"ocean_menu_typo_font_size_unit":"px","ocean_menu_typo_font_weight":"","ocean_menu_typo_font_weight_tablet":"","ocean_menu_typo_font_weight_mobile":"","ocean_menu_typo_transform":"","ocean_menu_typo_transform_tablet":"","ocean_menu_typo_transform_mobile":"","ocean_menu_typo_line_height":0,"ocean_menu_typo_line_height_tablet":0,"ocean_menu_typo_line_height_mobile":0,"ocean_menu_typo_line_height_unit":"","ocean_menu_typo_spacing":0,"ocean_menu_typo_spacing_tablet":0,"ocean_menu_typo_spacing_mobile":0,"ocean_menu_typo_spacing_unit":"","ocean_menu_link_color":"","ocean_menu_link_color_hover":"","ocean_menu_link_color_active":"","ocean_menu_link_background":"","ocean_menu_link_hover_background":"","ocean_menu_link_active_background":"","ocean_menu_social_links_bg":"","ocean_menu_social_hover_links_bg":"","ocean_menu_social_links_color":"","ocean_menu_social_hover_links_color":"","ocean_disable_title":"default","ocean_disable_heading":"default","ocean_post_title":"","ocean_post_subheading":"","ocean_post_title_style":"","ocean_post_title_background_color":"","ocean_post_title_background":0,"ocean_post_title_bg_image_position":"","ocean_post_title_bg_image_attachment":"","ocean_post_title_bg_image_repeat":"","ocean_post_title_bg_image_size":"","ocean_post_title_height":0,"ocean_post_title_bg_overlay":0.5,"ocean_post_title_bg_overlay_color":"","ocean_disable_breadcrumbs":"default","ocean_breadcrumbs_color":"","ocean_breadcrumbs_separator_color":"","ocean_breadcrumbs_links_color":"","ocean_breadcrumbs_links_hover_color":"","ocean_display_footer_widgets":"default","ocean_display_footer_bottom":"default","ocean_custom_footer_template":"","ocean_post_oembed":"","ocean_post_self_hosted_media":"","ocean_post_video_embed":"","ocean_link_format":"","ocean_link_format_target":"self","ocean_quote_format":"","ocean_quote_format_link":"post","ocean_gallery_link_images":"on","ocean_gallery_id":[],"footnotes":""},"categories":[6,5],"tags":[],"class_list":["post-28420","post","type-post","status-publish","format-standard","has-post-thumbnail","hentry","category-notas-meteorologicas","category-publicacoes","entry","has-media"],"_links":{"self":[{"href":"https:\/\/ciram.epagri.sc.gov.br\/index.php\/wp-json\/wp\/v2\/posts\/28420","targetHints":{"allow":["GET"]}}],"collection":[{"href":"https:\/\/ciram.epagri.sc.gov.br\/index.php\/wp-json\/wp\/v2\/posts"}],"about":[{"href":"https:\/\/ciram.epagri.sc.gov.br\/index.php\/wp-json\/wp\/v2\/types\/post"}],"author":[{"embeddable":true,"href":"https:\/\/ciram.epagri.sc.gov.br\/index.php\/wp-json\/wp\/v2\/users\/29"}],"replies":[{"embeddable":true,"href":"https:\/\/ciram.epagri.sc.gov.br\/index.php\/wp-json\/wp\/v2\/comments?post=28420"}],"version-history":[{"count":1,"href":"https:\/\/ciram.epagri.sc.gov.br\/index.php\/wp-json\/wp\/v2\/posts\/28420\/revisions"}],"predecessor-version":[{"id":28423,"href":"https:\/\/ciram.epagri.sc.gov.br\/index.php\/wp-json\/wp\/v2\/posts\/28420\/revisions\/28423"}],"wp:featuredmedia":[{"embeddable":true,"href":"https:\/\/ciram.epagri.sc.gov.br\/index.php\/wp-json\/wp\/v2\/media\/28424"}],"wp:attachment":[{"href":"https:\/\/ciram.epagri.sc.gov.br\/index.php\/wp-json\/wp\/v2\/media?parent=28420"}],"wp:term":[{"taxonomy":"category","embeddable":true,"href":"https:\/\/ciram.epagri.sc.gov.br\/index.php\/wp-json\/wp\/v2\/categories?post=28420"},{"taxonomy":"post_tag","embeddable":true,"href":"https:\/\/ciram.epagri.sc.gov.br\/index.php\/wp-json\/wp\/v2\/tags?post=28420"}],"curies":[{"name":"wp","href":"https:\/\/api.w.org\/{rel}","templated":true}]}}