{"id":30813,"date":"2023-12-21T09:53:16","date_gmt":"2023-12-21T12:53:16","guid":{"rendered":"https:\/\/ciram.epagri.sc.gov.br\/?p=30813"},"modified":"2023-12-21T16:21:06","modified_gmt":"2023-12-21T19:21:06","slug":"curiosidade-temperatura-minima-e-umidade-mais-baixa-de-2023","status":"publish","type":"post","link":"https:\/\/ciram.epagri.sc.gov.br\/index.php\/2023\/12\/21\/curiosidade-temperatura-minima-e-umidade-mais-baixa-de-2023\/","title":{"rendered":"Curiosidade: temperatura m\u00ednima e umidade mais baixa de 2023"},"content":{"rendered":"\n<p>A esta\u00e7\u00e3o do inverno em Santa Catarina \u00e9 lembrada pelo frio, intenso em alguns dias, e fen\u00f4menos como: nevoeiros, geada e epis\u00f3dios de neve, mais frequente no Planalto Sul. Na <strong>Figura 1<\/strong> observa-se valores baixos de temperatura m\u00ednima ao longo do ano no Planalto Sul, inclusive no ver\u00e3o devido a altitude da regi\u00e3o e perda de calor durante \u00e0 noite. O registro foi feito em Urubici com altitude de 1.592 m, com a m\u00ednima de <strong>1,4\u00b0C<\/strong> em fevereiro. A menor temperatura do ano de 2023 foi <strong>-6,8\u00b0C<\/strong> em Bom Jardim da Serra, registrada no m\u00eas de junho, com 1,790 m de altitude. Esse valor foi registrado no fim do outono e n\u00e3o no inverno, onde \u00e9 mais comum ocorrer os menores valores de temperatura, em especial em julho que \u00e9 o m\u00eas mais frio do ano segundo a climatologia. Nos meses de inverno, as menores m\u00ednimas ficaram em torno de <strong>3\u00b0C<\/strong> abaixo de zero, o normal na regi\u00e3o serrana s\u00e3o temperaturas mais baixas, por\u00e9m, as massas de ar frio de origem polar foram escassas e mais fracas devido \u00e0 atua\u00e7\u00e3o do fen\u00f4meno global <a href=\"https:\/\/ciram.epagri.sc.gov.br\/index.php\/elnino\/\">El Ni\u00f1o<\/a>, respons\u00e1vel pelo aumento da temperatura, ou seja um inverno mais quente do que o normal. J\u00e1, na primavera, o maior impacto do fen\u00f4meno \u00e9 o aumento do volume de chuva.<\/p>\n\n\n\n<figure class=\"wp-block-image size-large\"><img fetchpriority=\"high\" decoding=\"async\" width=\"1024\" height=\"374\" src=\"https:\/\/ciram.epagri.sc.gov.br\/wp-content\/uploads\/2023\/12\/temp_min2023-1024x374.jpeg\" alt=\"\" class=\"wp-image-30837\" srcset=\"https:\/\/ciram.epagri.sc.gov.br\/wp-content\/uploads\/2023\/12\/temp_min2023-1024x374.jpeg 1024w, https:\/\/ciram.epagri.sc.gov.br\/wp-content\/uploads\/2023\/12\/temp_min2023-300x109.jpeg 300w, https:\/\/ciram.epagri.sc.gov.br\/wp-content\/uploads\/2023\/12\/temp_min2023-768x280.jpeg 768w, https:\/\/ciram.epagri.sc.gov.br\/wp-content\/uploads\/2023\/12\/temp_min2023.jpeg 1302w\" sizes=\"(max-width: 1024px) 100vw, 1024px\" \/><\/figure>\n\n\n\n<p><strong>Figura 1 \u2013<\/strong> Temperatura m\u00ednima do ar, menor de cada m\u00eas e munic\u00edpio de ocorr\u00eancia em 2023. Dados sujeito \u00e0 corre\u00e7\u00e3o posterior. <strong>Fonte:<\/strong> Esta\u00e7\u00f5es meteorol\u00f3gicas INMET, monitoradas em Epagri\/Ciram. (Elabora\u00e7\u00e3o: <strong>Kellen Martarello \u2013 T\u00e9cnica em Meteorologia<\/strong>)<\/p>\n\n\n\n<p>A <strong>Figura 2<\/strong> mostra os menores valores de Umidade Relativa do Ar (UR) durante o ano. A varia\u00e7\u00e3o de UR foi o esperado, mais elevada no ver\u00e3o e na primavera, e mais baixa no inverno. Por\u00e9m, os registros no m\u00eas julho foram muito baixos, podendo ser comparado as zonas \u00e1ridas ou at\u00e9 mesmo de deserto. UR de <strong>1.4%<\/strong> (<a href=\"https:\/\/climate.metoffice.cloud\/humidity.html\">veja aqui<\/a> a compara\u00e7\u00e3o com os menores valores do mundo) \u00e9 enquadrado como estado de emerg\u00eancia pela Organiza\u00e7\u00e3o Meteorol\u00f3gica Mundial, prejudicial a sa\u00fade e favorece, aliado ao solo seco, \u00e0 ocorr\u00eancia de queimadas. Neste dia, a atua\u00e7\u00e3o de um sistema de alta press\u00e3o (massa de ar frio e seco com origem polar de 1028 hPA), favoreceu a umidade muito baixa e tamb\u00e9m temperaturas em torno de zero grau.<\/p>\n\n\n\n<figure class=\"wp-block-image size-large\"><img decoding=\"async\" width=\"1024\" height=\"373\" src=\"https:\/\/ciram.epagri.sc.gov.br\/wp-content\/uploads\/2023\/12\/4-1024x373.png\" alt=\"\" class=\"wp-image-30826\" srcset=\"https:\/\/ciram.epagri.sc.gov.br\/wp-content\/uploads\/2023\/12\/4-1024x373.png 1024w, https:\/\/ciram.epagri.sc.gov.br\/wp-content\/uploads\/2023\/12\/4-300x109.png 300w, https:\/\/ciram.epagri.sc.gov.br\/wp-content\/uploads\/2023\/12\/4-768x280.png 768w, https:\/\/ciram.epagri.sc.gov.br\/wp-content\/uploads\/2023\/12\/4.png 1309w\" sizes=\"(max-width: 1024px) 100vw, 1024px\" \/><\/figure>\n\n\n\n<p><strong>Figura 2 \u2013<\/strong> Umidade Relativa do Ar m\u00ednima, menor de cada m\u00eas e munic\u00edpio de ocorr\u00eancia em 2023. Dados sujeito \u00e0 corre\u00e7\u00e3o posterior. <strong>Fonte:<\/strong> Esta\u00e7\u00f5es meteorol\u00f3gicas INMET, monitoradas em Epagri\/Ciram. (Elabora\u00e7\u00e3o: <strong>Kellen Martarello \u2013 T\u00e9cnica em Meteorologia<\/strong>)<\/p>\n\n\n\n<p><strong>Marcelo Martins e Gils\u00e2nia Cruz &#8211; Meteorologistas (Epagri\/Ciram)<\/strong><\/p>\n\n\n\n<p><em>Acompanhe a atualiza\u00e7\u00e3o dos avisos meteorol\u00f3gicos di\u00e1rios, na p\u00e1gina da Epagri\/Ciram e redes sociais. Procure sempre as informa\u00e7\u00f5es em sites oficiais<\/em>.<\/p>\n\n\n\n<p>Epagri\/Ciram no Facebook <img decoding=\"async\" width=\"26\" height=\"26\" src=\"\">e @epagriciram no Twitter <img loading=\"lazy\" decoding=\"async\" width=\"28\" height=\"28\" src=\"\">.<\/p>\n","protected":false},"excerpt":{"rendered":"<p>A esta\u00e7\u00e3o do inverno em Santa Catarina \u00e9 lembrada pelo frio, intenso em alguns dias, e fen\u00f4menos como: nevoeiros, geada e epis\u00f3dios de neve, mais frequente no Planalto Sul. Na Figura 1 observa-se valores baixos de temperatura m\u00ednima ao longo do ano no Planalto Sul, inclusive no ver\u00e3o devido a altitude da regi\u00e3o e perda [&hellip;]<\/p>\n","protected":false},"author":10,"featured_media":30816,"comment_status":"closed","ping_status":"closed","sticky":false,"template":"","format":"standard","meta":{"ocean_post_layout":"","ocean_both_sidebars_style":"","ocean_both_sidebars_content_width":0,"ocean_both_sidebars_sidebars_width":0,"ocean_sidebar":"","ocean_second_sidebar":"","ocean_disable_margins":"enable","ocean_add_body_class":"","ocean_shortcode_before_top_bar":"","ocean_shortcode_after_top_bar":"","ocean_shortcode_before_header":"","ocean_shortcode_after_header":"","ocean_has_shortcode":"","ocean_shortcode_after_title":"","ocean_shortcode_before_footer_widgets":"","ocean_shortcode_after_footer_widgets":"","ocean_shortcode_before_footer_bottom":"","ocean_shortcode_after_footer_bottom":"","ocean_display_top_bar":"default","ocean_display_header":"default","ocean_header_style":"","ocean_center_header_left_menu":"","ocean_custom_header_template":"","ocean_custom_logo":0,"ocean_custom_retina_logo":0,"ocean_custom_logo_max_width":0,"ocean_custom_logo_tablet_max_width":0,"ocean_custom_logo_mobile_max_width":0,"ocean_custom_logo_max_height":0,"ocean_custom_logo_tablet_max_height":0,"ocean_custom_logo_mobile_max_height":0,"ocean_header_custom_menu":"","ocean_menu_typo_font_family":"","ocean_menu_typo_font_subset":"","ocean_menu_typo_font_size":0,"ocean_menu_typo_font_size_tablet":0,"ocean_menu_typo_font_size_mobile":0,"ocean_menu_typo_font_size_unit":"px","ocean_menu_typo_font_weight":"","ocean_menu_typo_font_weight_tablet":"","ocean_menu_typo_font_weight_mobile":"","ocean_menu_typo_transform":"","ocean_menu_typo_transform_tablet":"","ocean_menu_typo_transform_mobile":"","ocean_menu_typo_line_height":0,"ocean_menu_typo_line_height_tablet":0,"ocean_menu_typo_line_height_mobile":0,"ocean_menu_typo_line_height_unit":"","ocean_menu_typo_spacing":0,"ocean_menu_typo_spacing_tablet":0,"ocean_menu_typo_spacing_mobile":0,"ocean_menu_typo_spacing_unit":"","ocean_menu_link_color":"","ocean_menu_link_color_hover":"","ocean_menu_link_color_active":"","ocean_menu_link_background":"","ocean_menu_link_hover_background":"","ocean_menu_link_active_background":"","ocean_menu_social_links_bg":"","ocean_menu_social_hover_links_bg":"","ocean_menu_social_links_color":"","ocean_menu_social_hover_links_color":"","ocean_disable_title":"default","ocean_disable_heading":"default","ocean_post_title":"","ocean_post_subheading":"","ocean_post_title_style":"","ocean_post_title_background_color":"","ocean_post_title_background":0,"ocean_post_title_bg_image_position":"","ocean_post_title_bg_image_attachment":"","ocean_post_title_bg_image_repeat":"","ocean_post_title_bg_image_size":"","ocean_post_title_height":0,"ocean_post_title_bg_overlay":0.5,"ocean_post_title_bg_overlay_color":"","ocean_disable_breadcrumbs":"default","ocean_breadcrumbs_color":"","ocean_breadcrumbs_separator_color":"","ocean_breadcrumbs_links_color":"","ocean_breadcrumbs_links_hover_color":"","ocean_display_footer_widgets":"default","ocean_display_footer_bottom":"default","ocean_custom_footer_template":"","ocean_post_oembed":"","ocean_post_self_hosted_media":"","ocean_post_video_embed":"","ocean_link_format":"","ocean_link_format_target":"self","ocean_quote_format":"","ocean_quote_format_link":"post","ocean_gallery_link_images":"on","ocean_gallery_id":[],"footnotes":""},"categories":[6,5],"tags":[],"class_list":["post-30813","post","type-post","status-publish","format-standard","has-post-thumbnail","hentry","category-notas-meteorologicas","category-publicacoes","entry","has-media"],"_links":{"self":[{"href":"https:\/\/ciram.epagri.sc.gov.br\/index.php\/wp-json\/wp\/v2\/posts\/30813","targetHints":{"allow":["GET"]}}],"collection":[{"href":"https:\/\/ciram.epagri.sc.gov.br\/index.php\/wp-json\/wp\/v2\/posts"}],"about":[{"href":"https:\/\/ciram.epagri.sc.gov.br\/index.php\/wp-json\/wp\/v2\/types\/post"}],"author":[{"embeddable":true,"href":"https:\/\/ciram.epagri.sc.gov.br\/index.php\/wp-json\/wp\/v2\/users\/10"}],"replies":[{"embeddable":true,"href":"https:\/\/ciram.epagri.sc.gov.br\/index.php\/wp-json\/wp\/v2\/comments?post=30813"}],"version-history":[{"count":6,"href":"https:\/\/ciram.epagri.sc.gov.br\/index.php\/wp-json\/wp\/v2\/posts\/30813\/revisions"}],"predecessor-version":[{"id":30839,"href":"https:\/\/ciram.epagri.sc.gov.br\/index.php\/wp-json\/wp\/v2\/posts\/30813\/revisions\/30839"}],"wp:featuredmedia":[{"embeddable":true,"href":"https:\/\/ciram.epagri.sc.gov.br\/index.php\/wp-json\/wp\/v2\/media\/30816"}],"wp:attachment":[{"href":"https:\/\/ciram.epagri.sc.gov.br\/index.php\/wp-json\/wp\/v2\/media?parent=30813"}],"wp:term":[{"taxonomy":"category","embeddable":true,"href":"https:\/\/ciram.epagri.sc.gov.br\/index.php\/wp-json\/wp\/v2\/categories?post=30813"},{"taxonomy":"post_tag","embeddable":true,"href":"https:\/\/ciram.epagri.sc.gov.br\/index.php\/wp-json\/wp\/v2\/tags?post=30813"}],"curies":[{"name":"wp","href":"https:\/\/api.w.org\/{rel}","templated":true}]}}