{"id":30828,"date":"2023-12-21T13:58:16","date_gmt":"2023-12-21T16:58:16","guid":{"rendered":"https:\/\/ciram.epagri.sc.gov.br\/?p=30828"},"modified":"2023-12-21T14:01:38","modified_gmt":"2023-12-21T17:01:38","slug":"agua-do-mar-em-imbituba-registra-menor-temperatura-do-ano-em-dezembro","status":"publish","type":"post","link":"https:\/\/ciram.epagri.sc.gov.br\/index.php\/2023\/12\/21\/agua-do-mar-em-imbituba-registra-menor-temperatura-do-ano-em-dezembro\/","title":{"rendered":"\u00c1gua do mar em Imbituba registra menor temperatura do ano em dezembro"},"content":{"rendered":"\n<p>\u00c9 dezembro, o ver\u00e3o est\u00e1 a\u00ed! Calor de 35oC, temperatura subindo, c\u00e9u azul (finalmente), o destino \u00e9 um s\u00f3: praia. No entanto, nesta semana os banhistas e surfistas do litoral Sul t\u00eam experimentado uma surpresa quando colocam o p\u00e9 na \u00e1gua. A menos de 48 horas do in\u00edcio oficial da esta\u00e7\u00e3o mais quente do ano, os term\u00f4metros da Epagri em Imbituba registraram a temperatura da \u00e1gua do mar mais baixa de 2023. Pode isso?<\/p>\n\n\n\n<figure class=\"wp-block-image size-full\"><img fetchpriority=\"high\" decoding=\"async\" width=\"640\" height=\"480\" src=\"https:\/\/ciram.epagri.sc.gov.br\/wp-content\/uploads\/2023\/12\/not_matias_211223_img1.jpg\" alt=\"\" class=\"wp-image-30829\" srcset=\"https:\/\/ciram.epagri.sc.gov.br\/wp-content\/uploads\/2023\/12\/not_matias_211223_img1.jpg 640w, https:\/\/ciram.epagri.sc.gov.br\/wp-content\/uploads\/2023\/12\/not_matias_211223_img1-300x225.jpg 300w\" sizes=\"(max-width: 640px) 100vw, 640px\" \/><figcaption class=\"wp-element-caption\">Praia da Vila, em Imbituba, est\u00e1 com \u00e1gua gelada em dezembro (Fotos: Divulga\u00e7\u00e3o \/ Epagri)<\/figcaption><\/figure>\n\n\n\n<p><br>A Epagri monitora a temperatura superficial do mar (TSM) na costa catarinense h\u00e1 mais de cinco anos. Os pontos de monitoramento em mar aberto s\u00e3o Itapo\u00e1, Balne\u00e1rio Cambori\u00fa e Imbituba. Em dezembro de 2023, a TSM m\u00e9dia di\u00e1ria oscilou em torno de 26oC no litoral Norte e 23oC no litoral Sul. Por\u00e9m, no dia 13, aconteceu uma virada. Em apenas seis dias a TSM caiu quase 5oC em Imbituba, registrando uma m\u00e9dia di\u00e1ria de 18,5oC no dia 19.<\/p>\n\n\n\n<p>Mas n\u00e3o parou por a\u00ed. A TSM m\u00e9dia di\u00e1ria \u00e9 composta por 96 medidas da temperatura da \u00e1gua do mar realizadas por um term\u00f4metro mergulhado a uma profundidade de 50cm abaixo do n\u00edvel da menor mar\u00e9 registrada no local nos \u00faltimos 10 anos. Essa disposi\u00e7\u00e3o do equipamento \u00e9 importante para evitar que ele n\u00e3o chegue a ficar fora da \u00e1gua em caso de mar\u00e9s muito baixas.<\/p>\n\n\n\n<p>No dia 20, \u00e0s 05:30h, a temperatura da \u00e1gua do mar em Imbituba chegou a 16,4oC, a menor temperatura da \u00e1gua no ano, considerando um total de mais de 30 mil registros em 2023. Nem no inverno, tampouco no outono, quando a \u00e1gua costuma ser gelada, foram registrados valores de TSM t\u00e3o baixos em Imbituba em 2023.<\/p>\n\n\n\n<p><strong>O que est\u00e1 acontecendo?<\/strong><\/p>\n\n\n\n<p>Calma, nem tudo est\u00e1 perdido. Esse fen\u00f4meno \u00e9 comum na regi\u00e3o, e \u00e9 chamado de ressurg\u00eancia costeira. Ele se caracteriza pelo afloramento de \u00e1guas frias e profundas em \u00e1reas mais quentes e rasas da costa. Na costa catarinense, especialmente no Litoral Sul, as ressurg\u00eancias s\u00e3o comuns no ver\u00e3o, quando os ventos do quadrante nordeste atuam de forma consecutiva por alguns dias, gerando no oceano uma corrente que empurra as \u00e1guas superficiais mais quentes para longe da costa, permitindo que \u00e1guas frias e profundas alcancem a superf\u00edcie.<\/p>\n\n\n\n<p>Tecnicamente, a ressurg\u00eancia observada ao longo dos \u00faltimos dias no litoral de Santa Catarina est\u00e1 sendo influenciada por um fen\u00f4meno clim\u00e1tico de larga escala: uma anomalia positiva no Dipolo Subtropical do Atl\u00e2ntico Sul, que na regi\u00e3o do Cabo Santa Marta intensifica a ressurg\u00eancia costeira. Embora tenha um nome complicado, esse fen\u00f4meno \u00e9 muito importante para especialistas em clima e oceanografia, pois o Dipolo Subtropical do Atl\u00e2ntico Sul (DSAS) \u00e9 o principal modo de variabilidade acoplada oceano-atmosfera, entre a Temperatura da Superf\u00edcie do Mar (TSM) e a Press\u00e3o ao N\u00edvel do Mar (PNM) no oceano Atl\u00e2ntico Sul.<\/p>\n\n\n\n<p>Mas, afinal, 16oC \u00e9 realmente uma \u00e1gua muito fria para os banhistas? Na verdade n\u00e3o existe uma defini\u00e7\u00e3o clara e universalmente aceita do que \u00e9 uma \u00e1gua fria para banhistas e desportistas. O Centro Nacional para a Seguran\u00e7a em \u00c1guas Frias, nos Estados Unidos, por exemplo, considera que qualquer \u00e1gua abaixo de 21oC deve ser tratada com cuidado. Essa recomenda\u00e7\u00e3o \u00e9 baseada em estudos sobre o impacto da \u00e1gua fria na respira\u00e7\u00e3o humana. O choque t\u00e9rmico \u00e9 especialmente perigoso nos dias quentes e abafados, quando o banhista sai da areia suando direto para um mergulho numa \u00e1gua de 16oC. O Comit\u00ea Ol\u00edmpico Internacional (COI) exige que a \u00e1gua esteja entre 25 e 27,7 oC nas competi\u00e7\u00f5es de nata\u00e7\u00e3o.<\/p>\n\n\n\n<p><strong>E o que eu fa\u00e7o agora?<\/strong><\/p>\n\n\n\n<p>Como a flutua\u00e7\u00e3o na temperatura do mar na costa Sul de Santa Catarina \u00e9 frequente em dezembro e janeiro, os banhistas t\u00eam tr\u00eas op\u00e7\u00f5es: alugar uma casa no Litoral Norte; reduzir o tempo de banho de mar ao m\u00ednimo nesse per\u00edodo; ou <a href=\"https:\/\/ciram.epagri.sc.gov.br\/litoral-online\/\" target=\"_blank\" rel=\"noreferrer noopener\">consultar o site da Epagri\/Ciram<\/a> para saber os valores reais da temperatura do mar na praia mais pr\u00f3xima. Tamb\u00e9m \u00e9 poss\u00edvel conferir no site da Epagri ou do <strong><a href=\"https:\/\/www.epagri.sc.gov.br\/index.php\/solucoes\/epagri-mob\/\" target=\"_blank\" rel=\"noreferrer noopener\">EpagriMob<\/a><\/strong> a <a href=\"https:\/\/ciram.epagri.sc.gov.br\/index.php\/temperatura-da-superficie-do-mar\/\" target=\"_blank\" rel=\"noreferrer noopener\">previs\u00e3o da temperatura do mar<\/a>.<\/p>\n\n\n\n<p>Finalmente, \u00e9 bom lembrar que o fen\u00f4meno ressurg\u00eancia \u00e9 passageiro. No momento que voc\u00ea estiver lendo esse artigo a \u00e1gua j\u00e1 deve estar de volta \u00e0s temperaturas esperadas e o banho vai estar \u00f3timo. Aproveite, com aten\u00e7\u00e3o!!!<\/p>\n\n\n\n<p><strong>Links \u00fateis:<\/strong><\/p>\n\n\n\n<p>Reportagem: <a href=\"https:\/\/ciram.epagri.sc.gov.br\/index.php\/2023\/11\/20\/epagrimob-nova-ferramenta-no-epagrimob-permite-acompanhamento-da-variacao-do-nivel-do-mar-e-previsao-de-tempo\/\" target=\"_blank\" rel=\"noreferrer noopener\">EpagriMOB Previs\u00e3o para o Mar<\/a><br>Link para o EpagriMOB:\u00a0<a href=\"https:\/\/play.google.com\/store\/apps\/details?id=br.gov.sc.epagri.epagrimob&amp;pcampaignid=web_share\" target=\"_blank\" rel=\"noreferrer noopener\">https:\/\/play.google.com\/store\/apps\/details?id=br.gov.sc.epagri.epagrimob&amp;pcampaignid=web_share<\/a><br>Site da Epagri\/Ciram Litoral:\u00a0<a href=\"https:\/\/ciram.epagri.sc.gov.br\/index.php\/solucoes\/litoral\/\" target=\"_blank\" rel=\"noreferrer noopener\">Litoral \u2013 EPAGRI\/CIRAM<\/a><br><\/p>\n\n\n\n<p><strong>Contato:<\/strong><\/p>\n\n\n\n<p>Matias G. Boll, Carlos Eduardo S. Ara\u00fajo e Argeu Vanz, pesquisadores da Epagri\/Ciram.<\/p>\n","protected":false},"excerpt":{"rendered":"<p>\u00c9 dezembro, o ver\u00e3o est\u00e1 a\u00ed! Calor de 35oC, temperatura subindo, c\u00e9u azul (finalmente), o destino \u00e9 um s\u00f3: praia. No entanto, nesta semana os banhistas e surfistas do litoral Sul t\u00eam experimentado uma surpresa quando colocam o p\u00e9 na \u00e1gua. A menos de 48 horas do in\u00edcio oficial da esta\u00e7\u00e3o mais quente do ano, [&hellip;]<\/p>\n","protected":false},"author":3,"featured_media":30829,"comment_status":"closed","ping_status":"closed","sticky":false,"template":"","format":"standard","meta":{"ocean_post_layout":"","ocean_both_sidebars_style":"","ocean_both_sidebars_content_width":0,"ocean_both_sidebars_sidebars_width":0,"ocean_sidebar":"","ocean_second_sidebar":"","ocean_disable_margins":"enable","ocean_add_body_class":"","ocean_shortcode_before_top_bar":"","ocean_shortcode_after_top_bar":"","ocean_shortcode_before_header":"","ocean_shortcode_after_header":"","ocean_has_shortcode":"","ocean_shortcode_after_title":"","ocean_shortcode_before_footer_widgets":"","ocean_shortcode_after_footer_widgets":"","ocean_shortcode_before_footer_bottom":"","ocean_shortcode_after_footer_bottom":"","ocean_display_top_bar":"default","ocean_display_header":"default","ocean_header_style":"","ocean_center_header_left_menu":"","ocean_custom_header_template":"","ocean_custom_logo":0,"ocean_custom_retina_logo":0,"ocean_custom_logo_max_width":0,"ocean_custom_logo_tablet_max_width":0,"ocean_custom_logo_mobile_max_width":0,"ocean_custom_logo_max_height":0,"ocean_custom_logo_tablet_max_height":0,"ocean_custom_logo_mobile_max_height":0,"ocean_header_custom_menu":"","ocean_menu_typo_font_family":"","ocean_menu_typo_font_subset":"","ocean_menu_typo_font_size":0,"ocean_menu_typo_font_size_tablet":0,"ocean_menu_typo_font_size_mobile":0,"ocean_menu_typo_font_size_unit":"px","ocean_menu_typo_font_weight":"","ocean_menu_typo_font_weight_tablet":"","ocean_menu_typo_font_weight_mobile":"","ocean_menu_typo_transform":"","ocean_menu_typo_transform_tablet":"","ocean_menu_typo_transform_mobile":"","ocean_menu_typo_line_height":0,"ocean_menu_typo_line_height_tablet":0,"ocean_menu_typo_line_height_mobile":0,"ocean_menu_typo_line_height_unit":"","ocean_menu_typo_spacing":0,"ocean_menu_typo_spacing_tablet":0,"ocean_menu_typo_spacing_mobile":0,"ocean_menu_typo_spacing_unit":"","ocean_menu_link_color":"","ocean_menu_link_color_hover":"","ocean_menu_link_color_active":"","ocean_menu_link_background":"","ocean_menu_link_hover_background":"","ocean_menu_link_active_background":"","ocean_menu_social_links_bg":"","ocean_menu_social_hover_links_bg":"","ocean_menu_social_links_color":"","ocean_menu_social_hover_links_color":"","ocean_disable_title":"default","ocean_disable_heading":"default","ocean_post_title":"","ocean_post_subheading":"","ocean_post_title_style":"","ocean_post_title_background_color":"","ocean_post_title_background":0,"ocean_post_title_bg_image_position":"","ocean_post_title_bg_image_attachment":"","ocean_post_title_bg_image_repeat":"","ocean_post_title_bg_image_size":"","ocean_post_title_height":0,"ocean_post_title_bg_overlay":0.5,"ocean_post_title_bg_overlay_color":"","ocean_disable_breadcrumbs":"default","ocean_breadcrumbs_color":"","ocean_breadcrumbs_separator_color":"","ocean_breadcrumbs_links_color":"","ocean_breadcrumbs_links_hover_color":"","ocean_display_footer_widgets":"default","ocean_display_footer_bottom":"default","ocean_custom_footer_template":"","ocean_post_oembed":"","ocean_post_self_hosted_media":"","ocean_post_video_embed":"","ocean_link_format":"","ocean_link_format_target":"self","ocean_quote_format":"","ocean_quote_format_link":"post","ocean_gallery_link_images":"on","ocean_gallery_id":[],"footnotes":""},"categories":[5],"tags":[],"class_list":["post-30828","post","type-post","status-publish","format-standard","has-post-thumbnail","hentry","category-publicacoes","entry","has-media"],"_links":{"self":[{"href":"https:\/\/ciram.epagri.sc.gov.br\/index.php\/wp-json\/wp\/v2\/posts\/30828","targetHints":{"allow":["GET"]}}],"collection":[{"href":"https:\/\/ciram.epagri.sc.gov.br\/index.php\/wp-json\/wp\/v2\/posts"}],"about":[{"href":"https:\/\/ciram.epagri.sc.gov.br\/index.php\/wp-json\/wp\/v2\/types\/post"}],"author":[{"embeddable":true,"href":"https:\/\/ciram.epagri.sc.gov.br\/index.php\/wp-json\/wp\/v2\/users\/3"}],"replies":[{"embeddable":true,"href":"https:\/\/ciram.epagri.sc.gov.br\/index.php\/wp-json\/wp\/v2\/comments?post=30828"}],"version-history":[{"count":3,"href":"https:\/\/ciram.epagri.sc.gov.br\/index.php\/wp-json\/wp\/v2\/posts\/30828\/revisions"}],"predecessor-version":[{"id":30832,"href":"https:\/\/ciram.epagri.sc.gov.br\/index.php\/wp-json\/wp\/v2\/posts\/30828\/revisions\/30832"}],"wp:featuredmedia":[{"embeddable":true,"href":"https:\/\/ciram.epagri.sc.gov.br\/index.php\/wp-json\/wp\/v2\/media\/30829"}],"wp:attachment":[{"href":"https:\/\/ciram.epagri.sc.gov.br\/index.php\/wp-json\/wp\/v2\/media?parent=30828"}],"wp:term":[{"taxonomy":"category","embeddable":true,"href":"https:\/\/ciram.epagri.sc.gov.br\/index.php\/wp-json\/wp\/v2\/categories?post=30828"},{"taxonomy":"post_tag","embeddable":true,"href":"https:\/\/ciram.epagri.sc.gov.br\/index.php\/wp-json\/wp\/v2\/tags?post=30828"}],"curies":[{"name":"wp","href":"https:\/\/api.w.org\/{rel}","templated":true}]}}