{"id":31604,"date":"2024-02-09T16:48:13","date_gmt":"2024-02-09T19:48:13","guid":{"rendered":"https:\/\/ciram.epagri.sc.gov.br\/?p=31604"},"modified":"2024-02-09T16:48:13","modified_gmt":"2024-02-09T19:48:13","slug":"pouca-chuva-no-oeste-catarinense-e-indice-de-calor-acima-de-40c","status":"publish","type":"post","link":"https:\/\/ciram.epagri.sc.gov.br\/index.php\/2024\/02\/09\/pouca-chuva-no-oeste-catarinense-e-indice-de-calor-acima-de-40c\/","title":{"rendered":"Pouca chuva no oeste catarinense e \u00edndice de calor acima de 40\u00b0C"},"content":{"rendered":"\n<p>Baixos volumes de chuva v\u00eam sendo registrados do Extremo-Oeste ao Meio-Oeste catarinense, em especial nas \u00e1reas mais pr\u00f3ximas \u00e0 divisa com o Rio Grande do Sul (RS), onde se observam totais de precipita\u00e7\u00e3o inferiores a 10 mm (pontos em rosa no mapa) registrados nas \u00faltimas 2 semanas, entre 25\/01 e 09\/02\/2024 (Figura 1). O mapa da Figura 1 tamb\u00e9m indica a irregularidade na distribui\u00e7\u00e3o espacial da precipita\u00e7\u00e3o em SC nesse per\u00edodo. Se h\u00e1 falta de chuva em localidades no interior do estado, volumes elevados foram registrados do Planalto e Alto Vale do Itaja\u00ed em dire\u00e7\u00e3o ao Litoral, em especial nas \u00e1reas litor\u00e2neas, com valores acima de 80mm (pontos em amarelo) e 150mm (pontos em vermelho).<\/p>\n\n\n\n<p>Em todo o estado de SC, a semana foi de temperaturas bem elevadas, com m\u00e1ximas acima de 35\u00b0C do Extremo-Oeste ao Meio-Oeste e Litoral. O calor intenso aliado \u00e0 umidade relativa do ar elevada deixa o tempo mais abafado e aumenta o desconforto em rela\u00e7\u00e3o ao calor, que passou de 40\u00b0C em algumas localidades catarinenses. Neste dia 09\/01, por exemplo, \u00e0s 15h, os term\u00f4metros registraram 35\u00b0C em Joinville, com umidade relativa de 70%, o que representou um \u00edndice de calor de 50\u00b0C. O forte calor, com alguns per\u00edodos de tempo abafado, deve perdurar em SC no Feriad\u00e3o deste Carnaval. Veja o <a href=\"https:\/\/ciram.epagri.sc.gov.br\/index.php\/indice-de-calor-e-sensacao-termica\/\">c\u00e1lculo do \u00edndice de calor<\/a> para determinada localidade, usando <a href=\"https:\/\/ciram.epagri.sc.gov.br\/agroconnect\/\">valores de temperatura e umidade<\/a> do ar registrados em um mesmo momento (<a href=\"https:\/\/ciram.epagri.sc.gov.br\/agroconnect\/\">Agroconnect<\/a>).<\/p>\n\n\n\n<p><strong>Marcelo Martins e Laura Rodrigues &#8211; Meteorologistas (Epagri\/Ciram)<\/strong><\/p>\n\n\n\n<p><\/p>\n\n\n\n<figure class=\"wp-block-image size-full\"><img fetchpriority=\"high\" decoding=\"async\" width=\"580\" height=\"420\" src=\"https:\/\/ciram.epagri.sc.gov.br\/wp-content\/uploads\/2024\/02\/image-2.png\" alt=\"\" class=\"wp-image-31605\" srcset=\"https:\/\/ciram.epagri.sc.gov.br\/wp-content\/uploads\/2024\/02\/image-2.png 580w, https:\/\/ciram.epagri.sc.gov.br\/wp-content\/uploads\/2024\/02\/image-2-300x217.png 300w\" sizes=\"(max-width: 580px) 100vw, 580px\" \/><\/figure>\n\n\n\n<p>Figura 1 \u2013 Chuva acumulada em SC entre 15h do dia 25\/01 e 15h do dia 09\/02\/2024 (<strong>Fonte:<\/strong> Epagri\/Ciram).<\/p>\n","protected":false},"excerpt":{"rendered":"<p>Baixos volumes de chuva v\u00eam sendo registrados do Extremo-Oeste ao Meio-Oeste catarinense, em especial nas \u00e1reas mais pr\u00f3ximas \u00e0 divisa com o Rio Grande do Sul (RS), onde se observam totais de precipita\u00e7\u00e3o inferiores a 10 mm (pontos em rosa no mapa) registrados nas \u00faltimas 2 semanas, entre 25\/01 e 09\/02\/2024 (Figura 1). O mapa [&hellip;]<\/p>\n","protected":false},"author":10,"featured_media":31607,"comment_status":"closed","ping_status":"closed","sticky":false,"template":"","format":"standard","meta":{"ocean_post_layout":"","ocean_both_sidebars_style":"","ocean_both_sidebars_content_width":0,"ocean_both_sidebars_sidebars_width":0,"ocean_sidebar":"","ocean_second_sidebar":"","ocean_disable_margins":"enable","ocean_add_body_class":"","ocean_shortcode_before_top_bar":"","ocean_shortcode_after_top_bar":"","ocean_shortcode_before_header":"","ocean_shortcode_after_header":"","ocean_has_shortcode":"","ocean_shortcode_after_title":"","ocean_shortcode_before_footer_widgets":"","ocean_shortcode_after_footer_widgets":"","ocean_shortcode_before_footer_bottom":"","ocean_shortcode_after_footer_bottom":"","ocean_display_top_bar":"default","ocean_display_header":"default","ocean_header_style":"","ocean_center_header_left_menu":"","ocean_custom_header_template":"","ocean_custom_logo":0,"ocean_custom_retina_logo":0,"ocean_custom_logo_max_width":0,"ocean_custom_logo_tablet_max_width":0,"ocean_custom_logo_mobile_max_width":0,"ocean_custom_logo_max_height":0,"ocean_custom_logo_tablet_max_height":0,"ocean_custom_logo_mobile_max_height":0,"ocean_header_custom_menu":"","ocean_menu_typo_font_family":"","ocean_menu_typo_font_subset":"","ocean_menu_typo_font_size":0,"ocean_menu_typo_font_size_tablet":0,"ocean_menu_typo_font_size_mobile":0,"ocean_menu_typo_font_size_unit":"px","ocean_menu_typo_font_weight":"","ocean_menu_typo_font_weight_tablet":"","ocean_menu_typo_font_weight_mobile":"","ocean_menu_typo_transform":"","ocean_menu_typo_transform_tablet":"","ocean_menu_typo_transform_mobile":"","ocean_menu_typo_line_height":0,"ocean_menu_typo_line_height_tablet":0,"ocean_menu_typo_line_height_mobile":0,"ocean_menu_typo_line_height_unit":"","ocean_menu_typo_spacing":0,"ocean_menu_typo_spacing_tablet":0,"ocean_menu_typo_spacing_mobile":0,"ocean_menu_typo_spacing_unit":"","ocean_menu_link_color":"","ocean_menu_link_color_hover":"","ocean_menu_link_color_active":"","ocean_menu_link_background":"","ocean_menu_link_hover_background":"","ocean_menu_link_active_background":"","ocean_menu_social_links_bg":"","ocean_menu_social_hover_links_bg":"","ocean_menu_social_links_color":"","ocean_menu_social_hover_links_color":"","ocean_disable_title":"default","ocean_disable_heading":"default","ocean_post_title":"","ocean_post_subheading":"","ocean_post_title_style":"","ocean_post_title_background_color":"","ocean_post_title_background":0,"ocean_post_title_bg_image_position":"","ocean_post_title_bg_image_attachment":"","ocean_post_title_bg_image_repeat":"","ocean_post_title_bg_image_size":"","ocean_post_title_height":0,"ocean_post_title_bg_overlay":0.5,"ocean_post_title_bg_overlay_color":"","ocean_disable_breadcrumbs":"default","ocean_breadcrumbs_color":"","ocean_breadcrumbs_separator_color":"","ocean_breadcrumbs_links_color":"","ocean_breadcrumbs_links_hover_color":"","ocean_display_footer_widgets":"default","ocean_display_footer_bottom":"default","ocean_custom_footer_template":"","ocean_post_oembed":"","ocean_post_self_hosted_media":"","ocean_post_video_embed":"","ocean_link_format":"","ocean_link_format_target":"self","ocean_quote_format":"","ocean_quote_format_link":"post","ocean_gallery_link_images":"on","ocean_gallery_id":[],"footnotes":""},"categories":[6,5],"tags":[],"class_list":["post-31604","post","type-post","status-publish","format-standard","has-post-thumbnail","hentry","category-notas-meteorologicas","category-publicacoes","entry","has-media"],"_links":{"self":[{"href":"https:\/\/ciram.epagri.sc.gov.br\/index.php\/wp-json\/wp\/v2\/posts\/31604","targetHints":{"allow":["GET"]}}],"collection":[{"href":"https:\/\/ciram.epagri.sc.gov.br\/index.php\/wp-json\/wp\/v2\/posts"}],"about":[{"href":"https:\/\/ciram.epagri.sc.gov.br\/index.php\/wp-json\/wp\/v2\/types\/post"}],"author":[{"embeddable":true,"href":"https:\/\/ciram.epagri.sc.gov.br\/index.php\/wp-json\/wp\/v2\/users\/10"}],"replies":[{"embeddable":true,"href":"https:\/\/ciram.epagri.sc.gov.br\/index.php\/wp-json\/wp\/v2\/comments?post=31604"}],"version-history":[{"count":1,"href":"https:\/\/ciram.epagri.sc.gov.br\/index.php\/wp-json\/wp\/v2\/posts\/31604\/revisions"}],"predecessor-version":[{"id":31608,"href":"https:\/\/ciram.epagri.sc.gov.br\/index.php\/wp-json\/wp\/v2\/posts\/31604\/revisions\/31608"}],"wp:featuredmedia":[{"embeddable":true,"href":"https:\/\/ciram.epagri.sc.gov.br\/index.php\/wp-json\/wp\/v2\/media\/31607"}],"wp:attachment":[{"href":"https:\/\/ciram.epagri.sc.gov.br\/index.php\/wp-json\/wp\/v2\/media?parent=31604"}],"wp:term":[{"taxonomy":"category","embeddable":true,"href":"https:\/\/ciram.epagri.sc.gov.br\/index.php\/wp-json\/wp\/v2\/categories?post=31604"},{"taxonomy":"post_tag","embeddable":true,"href":"https:\/\/ciram.epagri.sc.gov.br\/index.php\/wp-json\/wp\/v2\/tags?post=31604"}],"curies":[{"name":"wp","href":"https:\/\/api.w.org\/{rel}","templated":true}]}}