{"id":43183,"date":"2025-08-10T09:48:00","date_gmt":"2025-08-10T12:48:00","guid":{"rendered":"https:\/\/ciram.epagri.sc.gov.br\/?p=43183"},"modified":"2025-08-10T10:09:05","modified_gmt":"2025-08-10T13:09:05","slug":"veja-o-registro-de-temperaturas-negativas-neste-dia-dos-pais","status":"publish","type":"post","link":"https:\/\/ciram.epagri.sc.gov.br\/index.php\/2025\/08\/10\/veja-o-registro-de-temperaturas-negativas-neste-dia-dos-pais\/","title":{"rendered":"Veja o registro de temperaturas negativas neste Dia dos Pais"},"content":{"rendered":"\n<p>O ciclone que favoreceu a condi\u00e7\u00e3o de neve em Santa Catarina afasta-se em dire\u00e7\u00e3o ao mar. Uma massa de ar frio e seco predomina no estado neste domingo (10), favorecendo um dia de sol e baixas temperaturas. A m\u00ednima registrada entre a madrugada e primeiras horas da manh\u00e3, neste Dia dos Pais, foi inferior a 4\u00b0C, em grande parte de SC, e em torno de 5 a 7\u00b0C em localidades pr\u00f3ximas ao Litoral. Os registros negativos ocorreram no Meio-Oeste e Planalto Norte: -3\u00b0C em Lebon Regis e -2\u00b0C em Fraiburgo. Confira\u00a0no\u00a0mapa!<\/p>\n\n\n\n<p><\/p>\n\n\n\n<figure class=\"wp-block-image size-large\"><img fetchpriority=\"high\" decoding=\"async\" width=\"1024\" height=\"1024\" src=\"https:\/\/ciram.epagri.sc.gov.br\/wp-content\/uploads\/2025\/07\/Copia-de-Maiores-temperaturas-1-1024x1024.jpg\" alt=\"\" class=\"wp-image-44046\" srcset=\"https:\/\/ciram.epagri.sc.gov.br\/wp-content\/uploads\/2025\/07\/Copia-de-Maiores-temperaturas-1-1024x1024.jpg 1024w, https:\/\/ciram.epagri.sc.gov.br\/wp-content\/uploads\/2025\/07\/Copia-de-Maiores-temperaturas-1-300x300.jpg 300w, https:\/\/ciram.epagri.sc.gov.br\/wp-content\/uploads\/2025\/07\/Copia-de-Maiores-temperaturas-1-150x150.jpg 150w, https:\/\/ciram.epagri.sc.gov.br\/wp-content\/uploads\/2025\/07\/Copia-de-Maiores-temperaturas-1-768x768.jpg 768w, https:\/\/ciram.epagri.sc.gov.br\/wp-content\/uploads\/2025\/07\/Copia-de-Maiores-temperaturas-1-600x600.jpg 600w, https:\/\/ciram.epagri.sc.gov.br\/wp-content\/uploads\/2025\/07\/Copia-de-Maiores-temperaturas-1.jpg 1080w\" sizes=\"(max-width: 1024px) 100vw, 1024px\" \/><\/figure>\n\n\n\n<p><strong>Figura 1 \u2013&nbsp;<\/strong>Menores temperaturas m\u00ednimas registradas em SC, nas primeiras horas da manh\u00e3 do dia 10\/08\/2025. Fonte: dados monitorados na Rede de Esta\u00e7\u00f5es Epagri\/Ciram e esta\u00e7\u00f5es de terceiros (sujeitos \u00e0 corre\u00e7\u00e3o posterior).<\/p>\n\n\n\n<p>Acesse dados de temperatura, obtidos de esta\u00e7\u00f5es autom\u00e1ticas da Rede de Monitoramento Epagri\/Ciram com institui\u00e7\u00f5es parceiras, em:<\/p>\n\n\n\n<p><a href=\"https:\/\/ciram.epagri.sc.gov.br\/agroconnect\">https:\/\/ciram.epagri.sc.gov.br\/agroconnect<\/a><\/p>\n\n\n\n<p><strong>Contato:<\/strong><\/p>\n\n\n\n<p><strong>Laura Rodrigues \u2013 Meteorologista<\/strong><\/p>\n\n\n\n<p><strong>Epagri\/Ciram\/Florian\u00f3polis<\/strong><\/p>\n\n\n\n<p><\/p>\n","protected":false},"excerpt":{"rendered":"<p>O ciclone que favoreceu a condi\u00e7\u00e3o de neve em Santa Catarina afasta-se em dire\u00e7\u00e3o ao mar. Uma massa de ar frio e seco predomina no estado neste domingo (10), favorecendo um dia de sol e baixas temperaturas. A m\u00ednima registrada entre a madrugada e primeiras horas da manh\u00e3, neste Dia dos Pais, foi inferior a [&hellip;]<\/p>\n","protected":false},"author":17,"featured_media":44048,"comment_status":"closed","ping_status":"closed","sticky":false,"template":"","format":"standard","meta":{"ocean_post_layout":"","ocean_both_sidebars_style":"","ocean_both_sidebars_content_width":0,"ocean_both_sidebars_sidebars_width":0,"ocean_sidebar":"","ocean_second_sidebar":"","ocean_disable_margins":"enable","ocean_add_body_class":"","ocean_shortcode_before_top_bar":"","ocean_shortcode_after_top_bar":"","ocean_shortcode_before_header":"","ocean_shortcode_after_header":"","ocean_has_shortcode":"","ocean_shortcode_after_title":"","ocean_shortcode_before_footer_widgets":"","ocean_shortcode_after_footer_widgets":"","ocean_shortcode_before_footer_bottom":"","ocean_shortcode_after_footer_bottom":"","ocean_display_top_bar":"default","ocean_display_header":"default","ocean_header_style":"","ocean_center_header_left_menu":"","ocean_custom_header_template":"","ocean_custom_logo":0,"ocean_custom_retina_logo":0,"ocean_custom_logo_max_width":0,"ocean_custom_logo_tablet_max_width":0,"ocean_custom_logo_mobile_max_width":0,"ocean_custom_logo_max_height":0,"ocean_custom_logo_tablet_max_height":0,"ocean_custom_logo_mobile_max_height":0,"ocean_header_custom_menu":"","ocean_menu_typo_font_family":"","ocean_menu_typo_font_subset":"","ocean_menu_typo_font_size":0,"ocean_menu_typo_font_size_tablet":0,"ocean_menu_typo_font_size_mobile":0,"ocean_menu_typo_font_size_unit":"px","ocean_menu_typo_font_weight":"","ocean_menu_typo_font_weight_tablet":"","ocean_menu_typo_font_weight_mobile":"","ocean_menu_typo_transform":"","ocean_menu_typo_transform_tablet":"","ocean_menu_typo_transform_mobile":"","ocean_menu_typo_line_height":0,"ocean_menu_typo_line_height_tablet":0,"ocean_menu_typo_line_height_mobile":0,"ocean_menu_typo_line_height_unit":"","ocean_menu_typo_spacing":0,"ocean_menu_typo_spacing_tablet":0,"ocean_menu_typo_spacing_mobile":0,"ocean_menu_typo_spacing_unit":"","ocean_menu_link_color":"","ocean_menu_link_color_hover":"","ocean_menu_link_color_active":"","ocean_menu_link_background":"","ocean_menu_link_hover_background":"","ocean_menu_link_active_background":"","ocean_menu_social_links_bg":"","ocean_menu_social_hover_links_bg":"","ocean_menu_social_links_color":"","ocean_menu_social_hover_links_color":"","ocean_disable_title":"default","ocean_disable_heading":"default","ocean_post_title":"","ocean_post_subheading":"","ocean_post_title_style":"","ocean_post_title_background_color":"","ocean_post_title_background":0,"ocean_post_title_bg_image_position":"","ocean_post_title_bg_image_attachment":"","ocean_post_title_bg_image_repeat":"","ocean_post_title_bg_image_size":"","ocean_post_title_height":0,"ocean_post_title_bg_overlay":0.5,"ocean_post_title_bg_overlay_color":"","ocean_disable_breadcrumbs":"default","ocean_breadcrumbs_color":"","ocean_breadcrumbs_separator_color":"","ocean_breadcrumbs_links_color":"","ocean_breadcrumbs_links_hover_color":"","ocean_display_footer_widgets":"default","ocean_display_footer_bottom":"default","ocean_custom_footer_template":"","ocean_post_oembed":"","ocean_post_self_hosted_media":"","ocean_post_video_embed":"","ocean_link_format":"","ocean_link_format_target":"self","ocean_quote_format":"","ocean_quote_format_link":"post","ocean_gallery_link_images":"on","ocean_gallery_id":[],"footnotes":""},"categories":[6],"tags":[],"class_list":["post-43183","post","type-post","status-publish","format-standard","has-post-thumbnail","hentry","category-notas-meteorologicas","entry","has-media"],"_links":{"self":[{"href":"https:\/\/ciram.epagri.sc.gov.br\/index.php\/wp-json\/wp\/v2\/posts\/43183","targetHints":{"allow":["GET"]}}],"collection":[{"href":"https:\/\/ciram.epagri.sc.gov.br\/index.php\/wp-json\/wp\/v2\/posts"}],"about":[{"href":"https:\/\/ciram.epagri.sc.gov.br\/index.php\/wp-json\/wp\/v2\/types\/post"}],"author":[{"embeddable":true,"href":"https:\/\/ciram.epagri.sc.gov.br\/index.php\/wp-json\/wp\/v2\/users\/17"}],"replies":[{"embeddable":true,"href":"https:\/\/ciram.epagri.sc.gov.br\/index.php\/wp-json\/wp\/v2\/comments?post=43183"}],"version-history":[{"count":5,"href":"https:\/\/ciram.epagri.sc.gov.br\/index.php\/wp-json\/wp\/v2\/posts\/43183\/revisions"}],"predecessor-version":[{"id":44055,"href":"https:\/\/ciram.epagri.sc.gov.br\/index.php\/wp-json\/wp\/v2\/posts\/43183\/revisions\/44055"}],"wp:featuredmedia":[{"embeddable":true,"href":"https:\/\/ciram.epagri.sc.gov.br\/index.php\/wp-json\/wp\/v2\/media\/44048"}],"wp:attachment":[{"href":"https:\/\/ciram.epagri.sc.gov.br\/index.php\/wp-json\/wp\/v2\/media?parent=43183"}],"wp:term":[{"taxonomy":"category","embeddable":true,"href":"https:\/\/ciram.epagri.sc.gov.br\/index.php\/wp-json\/wp\/v2\/categories?post=43183"},{"taxonomy":"post_tag","embeddable":true,"href":"https:\/\/ciram.epagri.sc.gov.br\/index.php\/wp-json\/wp\/v2\/tags?post=43183"}],"curies":[{"name":"wp","href":"https:\/\/api.w.org\/{rel}","templated":true}]}}