{"id":43841,"date":"2025-07-30T10:46:57","date_gmt":"2025-07-30T13:46:57","guid":{"rendered":"https:\/\/ciram.epagri.sc.gov.br\/?p=43841"},"modified":"2025-07-30T10:53:21","modified_gmt":"2025-07-30T13:53:21","slug":"43841","status":"publish","type":"post","link":"https:\/\/ciram.epagri.sc.gov.br\/index.php\/2025\/07\/30\/43841\/","title":{"rendered":"Ciclones Extratropicais: Entenda o fen\u00f4meno que impacta o tempo e o mar em Santa Catarina"},"content":{"rendered":"\n<p><strong>Ciclones Extratropicais: Entenda o fen\u00f4meno que impacta o tempo e o mar em Santa Catarina<\/strong><\/p>\n\n\n\n<p><em>E, apesar dos perigos para a navega\u00e7\u00e3o, faz a alegria dos surfistas.<\/em><\/p>\n\n\n\n<p>Os ciclones extratropicais s\u00e3o sistemas atmosf\u00e9ricos de baixa press\u00e3o, comuns no outono e inverno no Sul do Brasil. Diferentes dos furac\u00f5es, que ocorrem em regi\u00f5es tropicais, esses ciclones se formam em latitudes m\u00e9dias, quando massas de ar quente e frio se encontram, provocando mudan\u00e7as r\u00e1pidas na atmosfera e no comportamento do mar.&nbsp;&nbsp;&nbsp;&nbsp;&nbsp;&nbsp;&nbsp;<\/p>\n\n\n\n<p><strong>Como eles afetam o tempo em Santa Catarina?<br><\/strong>&nbsp;&nbsp;&nbsp;&nbsp;&nbsp;&nbsp;&nbsp;&nbsp;&nbsp;&nbsp;&nbsp; Causam chuva e ventos fortes. Ao se intensificarem na costa, as rajadas podem ultrapassar os 60km\/h nas regi\u00f5es litor\u00e2neas e sul do estado. A queda de temperatura \u00e9 favorecida pela massa de ar frio que acompanha os ciclones.<\/p>\n\n\n\n<p><strong>Impactos no mar<br><\/strong>&nbsp;&nbsp;&nbsp;&nbsp;&nbsp;&nbsp;&nbsp;&nbsp;&nbsp;&nbsp;&nbsp; No primeiro momento da passagem do ciclone, quando est\u00e1 posicionado mais pr\u00f3ximo da costa, o mar fica bastante agitado, com altas ondas e ressaca, que podem gerar riscos para a navega\u00e7\u00e3o, pescadores e banhistas. Esse per\u00edodo requer aten\u00e7\u00e3o redobrada para evitar acidentes. Tamb\u00e9m contribui no aumento do n\u00edvel do mar e provoca alagamentos em munic\u00edpios no litoral do estado.<\/p>\n\n\n\n<figure class=\"wp-block-image size-large is-resized\"><img fetchpriority=\"high\" decoding=\"async\" width=\"926\" height=\"1024\" src=\"https:\/\/ciram.epagri.sc.gov.br\/wp-content\/uploads\/2025\/07\/ciclone-1-926x1024.jpg\" alt=\"\" class=\"wp-image-43842\" style=\"width:421px;height:auto\" srcset=\"https:\/\/ciram.epagri.sc.gov.br\/wp-content\/uploads\/2025\/07\/ciclone-1-926x1024.jpg 926w, https:\/\/ciram.epagri.sc.gov.br\/wp-content\/uploads\/2025\/07\/ciclone-1-271x300.jpg 271w, https:\/\/ciram.epagri.sc.gov.br\/wp-content\/uploads\/2025\/07\/ciclone-1-768x850.jpg 768w, https:\/\/ciram.epagri.sc.gov.br\/wp-content\/uploads\/2025\/07\/ciclone-1.jpg 1157w\" sizes=\"(max-width: 926px) 100vw, 926px\" \/><\/figure>\n\n\n\n<p>Ciclone extratropical no dia 28\/07 (segunda-feira), indicado na imagem de sat\u00e9lite pela presen\u00e7a de nuvens em espiral na costa sul do Brasil Em SC, as rajadas de vento chegaram a 80km\/h neste dia, em Tubar\u00e3o e Rancho Queimado. Fonte: NOAA\/Epagri.<\/p>\n\n\n\n<figure class=\"wp-block-image size-large is-resized\"><img decoding=\"async\" width=\"1024\" height=\"670\" src=\"https:\/\/ciram.epagri.sc.gov.br\/wp-content\/uploads\/2025\/07\/ciclone-2-1024x670.jpg\" alt=\"\" class=\"wp-image-43843\" style=\"width:508px;height:auto\" srcset=\"https:\/\/ciram.epagri.sc.gov.br\/wp-content\/uploads\/2025\/07\/ciclone-2-1024x670.jpg 1024w, https:\/\/ciram.epagri.sc.gov.br\/wp-content\/uploads\/2025\/07\/ciclone-2-300x196.jpg 300w, https:\/\/ciram.epagri.sc.gov.br\/wp-content\/uploads\/2025\/07\/ciclone-2-768x502.jpg 768w, https:\/\/ciram.epagri.sc.gov.br\/wp-content\/uploads\/2025\/07\/ciclone-2.jpg 1038w\" sizes=\"(max-width: 1024px) 100vw, 1024px\" \/><\/figure>\n\n\n\n<p>Previs\u00e3o de ventos na madrugada do dia 29\/07 (ter\u00e7a-feira), indicando a presen\u00e7a do ciclone extratropical mais afastado da costa sul do Brasil. As rajadas de vento diminu\u00edram para 60km\/h em Tubar\u00e3o\/SC, neste dia. Fonte: GFS25.<\/p>\n\n\n\n<p><strong>Benef\u00edcios para o surf<br><\/strong>&nbsp;&nbsp;&nbsp;&nbsp;&nbsp;&nbsp;&nbsp;&nbsp;&nbsp;&nbsp;&nbsp; Depois dessa fase inicial, quando o ciclone vai se afastando em dire\u00e7\u00e3o mar, os ventos enfraquecem nas cidades litor\u00e2neas. Mas permanece a forma\u00e7\u00e3o de ondas maiores, geradas pelo ciclone em alto mar, s\u00f3 que mais \u201corganizadas\u201d, criando excelentes condi\u00e7\u00f5es para os surfistas.<\/p>\n\n\n\n<p><strong>A vis\u00e3o de quem vive o mar: Kauan Dam\u00e1sio, surfista da Guarda do Emba\u00fa<br><\/strong>&nbsp;&nbsp;&nbsp;&nbsp;&nbsp;&nbsp;&nbsp;&nbsp;&nbsp;&nbsp;&nbsp; Natural da Guarda do Emba\u00fa, em Florian\u00f3polis, o surfista Kauan Dam\u00e1sio cresceu convivendo com o mar e aprendendo com o pai desde pequeno. Ele explica como percebe as mudan\u00e7as trazidas pelos ciclones extratropicais:<br><em>&nbsp;\u201cPercebemos que o mar fica extremamente bravo, as ondas costumam vir de forma aleat\u00f3ria, al\u00e9m das correntes que puxam muito. Depois disso, come\u00e7a a ficar bom de surfar quando o vento vira para Nordeste, a\u00ed temos ondas mais consistentes e alinhadas.\u201d<\/em><\/p>\n\n\n\n<p>Os desafios tamb\u00e9m s\u00e3o muitos. Segundo Kauan, a experi\u00eancia local faz toda a diferen\u00e7a: <em>\u201cO problema \u00e9 a for\u00e7a do mar, as correntes puxando&#8230; Especificamente com os ciclones, t\u00eam tamb\u00e9m as mudan\u00e7as clim\u00e1ticas, que variam muito. O que pode te salvar \u00e9 o conhecimento do local, saber os canais de sa\u00edda e tudo mais. Mas isso voc\u00ea s\u00f3 ganha com o tempo de mar. J\u00e1 vi muito caldo aqui na Guarda.\u201d<\/em><\/p>\n\n\n\n<p>Para ele, os ciclones s\u00e3o essenciais na gera\u00e7\u00e3o de boas ondas:<br><em>&nbsp;\u201cEu acho esses ciclones essenciais para termos um swell mais s\u00f3lido e longo, criando ondas mais fortes. Quando isso acontece, temos as melhores ondas do ano. Foi nesses dias p\u00f3s-ciclone que peguei o maior tubo da minha vida.\u201d<\/em><\/p>\n\n\n\n<p><strong>Monitoramento e orienta\u00e7\u00f5es da Epagri\/Ciram<br><\/strong>&nbsp;&nbsp;&nbsp;&nbsp;&nbsp;&nbsp;&nbsp;&nbsp;&nbsp;&nbsp;&nbsp; A Epagri\/Ciram acompanha constantemente esses ciclones para alertar a popula\u00e7\u00e3o sobre condi\u00e7\u00f5es de risco e oportunidades, como os dias prop\u00edcios para o surf. \u00c9 fundamental que a popula\u00e7\u00e3o acompanhe as atualiza\u00e7\u00f5es meteorol\u00f3gicas e de mar, respeite os avisos e tome cuidados durante os per\u00edodos de ventania e ressaca.<\/p>\n\n\n\n<p>Contato:<\/p>\n\n\n\n<p>Andr\u00e9 Luis Gomes Farias &#8211; Bolsista\/FAPESC\/Epagri<\/p>\n\n\n\n<p>Laura Rodrigues &#8211; Meteorologista Epagri\/Ciram<\/p>\n\n\n\n<p>Dados: Epagri\/Ciram<\/p>\n\n\n\n<p>Epagri\/Ciram\/Florian\u00f3polis<\/p>\n","protected":false},"excerpt":{"rendered":"<p>Ciclones Extratropicais: Entenda o fen\u00f4meno que impacta o tempo e o mar em Santa Catarina E, apesar dos perigos para a navega\u00e7\u00e3o, faz a alegria dos surfistas. Os ciclones extratropicais s\u00e3o sistemas atmosf\u00e9ricos de baixa press\u00e3o, comuns no outono e inverno no Sul do Brasil. Diferentes dos furac\u00f5es, que ocorrem em regi\u00f5es tropicais, esses ciclones [&hellip;]<\/p>\n","protected":false},"author":31,"featured_media":43844,"comment_status":"closed","ping_status":"closed","sticky":false,"template":"","format":"standard","meta":{"ocean_post_layout":"","ocean_both_sidebars_style":"","ocean_both_sidebars_content_width":0,"ocean_both_sidebars_sidebars_width":0,"ocean_sidebar":"","ocean_second_sidebar":"","ocean_disable_margins":"enable","ocean_add_body_class":"","ocean_shortcode_before_top_bar":"","ocean_shortcode_after_top_bar":"","ocean_shortcode_before_header":"","ocean_shortcode_after_header":"","ocean_has_shortcode":"","ocean_shortcode_after_title":"","ocean_shortcode_before_footer_widgets":"","ocean_shortcode_after_footer_widgets":"","ocean_shortcode_before_footer_bottom":"","ocean_shortcode_after_footer_bottom":"","ocean_display_top_bar":"default","ocean_display_header":"default","ocean_header_style":"","ocean_center_header_left_menu":"","ocean_custom_header_template":"","ocean_custom_logo":0,"ocean_custom_retina_logo":0,"ocean_custom_logo_max_width":0,"ocean_custom_logo_tablet_max_width":0,"ocean_custom_logo_mobile_max_width":0,"ocean_custom_logo_max_height":0,"ocean_custom_logo_tablet_max_height":0,"ocean_custom_logo_mobile_max_height":0,"ocean_header_custom_menu":"","ocean_menu_typo_font_family":"","ocean_menu_typo_font_subset":"","ocean_menu_typo_font_size":0,"ocean_menu_typo_font_size_tablet":0,"ocean_menu_typo_font_size_mobile":0,"ocean_menu_typo_font_size_unit":"px","ocean_menu_typo_font_weight":"","ocean_menu_typo_font_weight_tablet":"","ocean_menu_typo_font_weight_mobile":"","ocean_menu_typo_transform":"","ocean_menu_typo_transform_tablet":"","ocean_menu_typo_transform_mobile":"","ocean_menu_typo_line_height":0,"ocean_menu_typo_line_height_tablet":0,"ocean_menu_typo_line_height_mobile":0,"ocean_menu_typo_line_height_unit":"","ocean_menu_typo_spacing":0,"ocean_menu_typo_spacing_tablet":0,"ocean_menu_typo_spacing_mobile":0,"ocean_menu_typo_spacing_unit":"","ocean_menu_link_color":"","ocean_menu_link_color_hover":"","ocean_menu_link_color_active":"","ocean_menu_link_background":"","ocean_menu_link_hover_background":"","ocean_menu_link_active_background":"","ocean_menu_social_links_bg":"","ocean_menu_social_hover_links_bg":"","ocean_menu_social_links_color":"","ocean_menu_social_hover_links_color":"","ocean_disable_title":"default","ocean_disable_heading":"default","ocean_post_title":"","ocean_post_subheading":"","ocean_post_title_style":"","ocean_post_title_background_color":"","ocean_post_title_background":0,"ocean_post_title_bg_image_position":"","ocean_post_title_bg_image_attachment":"","ocean_post_title_bg_image_repeat":"","ocean_post_title_bg_image_size":"","ocean_post_title_height":0,"ocean_post_title_bg_overlay":0.5,"ocean_post_title_bg_overlay_color":"","ocean_disable_breadcrumbs":"default","ocean_breadcrumbs_color":"","ocean_breadcrumbs_separator_color":"","ocean_breadcrumbs_links_color":"","ocean_breadcrumbs_links_hover_color":"","ocean_display_footer_widgets":"default","ocean_display_footer_bottom":"default","ocean_custom_footer_template":"","ocean_post_oembed":"","ocean_post_self_hosted_media":"","ocean_post_video_embed":"","ocean_link_format":"","ocean_link_format_target":"self","ocean_quote_format":"","ocean_quote_format_link":"post","ocean_gallery_link_images":"on","ocean_gallery_id":[],"footnotes":""},"categories":[6],"tags":[],"class_list":["post-43841","post","type-post","status-publish","format-standard","has-post-thumbnail","hentry","category-notas-meteorologicas","entry","has-media"],"_links":{"self":[{"href":"https:\/\/ciram.epagri.sc.gov.br\/index.php\/wp-json\/wp\/v2\/posts\/43841","targetHints":{"allow":["GET"]}}],"collection":[{"href":"https:\/\/ciram.epagri.sc.gov.br\/index.php\/wp-json\/wp\/v2\/posts"}],"about":[{"href":"https:\/\/ciram.epagri.sc.gov.br\/index.php\/wp-json\/wp\/v2\/types\/post"}],"author":[{"embeddable":true,"href":"https:\/\/ciram.epagri.sc.gov.br\/index.php\/wp-json\/wp\/v2\/users\/31"}],"replies":[{"embeddable":true,"href":"https:\/\/ciram.epagri.sc.gov.br\/index.php\/wp-json\/wp\/v2\/comments?post=43841"}],"version-history":[{"count":4,"href":"https:\/\/ciram.epagri.sc.gov.br\/index.php\/wp-json\/wp\/v2\/posts\/43841\/revisions"}],"predecessor-version":[{"id":43848,"href":"https:\/\/ciram.epagri.sc.gov.br\/index.php\/wp-json\/wp\/v2\/posts\/43841\/revisions\/43848"}],"wp:featuredmedia":[{"embeddable":true,"href":"https:\/\/ciram.epagri.sc.gov.br\/index.php\/wp-json\/wp\/v2\/media\/43844"}],"wp:attachment":[{"href":"https:\/\/ciram.epagri.sc.gov.br\/index.php\/wp-json\/wp\/v2\/media?parent=43841"}],"wp:term":[{"taxonomy":"category","embeddable":true,"href":"https:\/\/ciram.epagri.sc.gov.br\/index.php\/wp-json\/wp\/v2\/categories?post=43841"},{"taxonomy":"post_tag","embeddable":true,"href":"https:\/\/ciram.epagri.sc.gov.br\/index.php\/wp-json\/wp\/v2\/tags?post=43841"}],"curies":[{"name":"wp","href":"https:\/\/api.w.org\/{rel}","templated":true}]}}