{"id":44035,"date":"2025-08-09T10:10:19","date_gmt":"2025-08-09T13:10:19","guid":{"rendered":"https:\/\/ciram.epagri.sc.gov.br\/?p=44035"},"modified":"2025-08-09T10:29:56","modified_gmt":"2025-08-09T13:29:56","slug":"terceiro-evento-de-neve-do-inverno-2025","status":"publish","type":"post","link":"https:\/\/ciram.epagri.sc.gov.br\/index.php\/2025\/08\/09\/terceiro-evento-de-neve-do-inverno-2025\/","title":{"rendered":"Terceiro evento de neve do inverno 2025"},"content":{"rendered":"\n<p>S\u00e1bado (09) com frio gelado no amanhecer, t\u00edpico da esta\u00e7\u00e3o de inverno no Sul do Brasil. Temperaturas de -2\u00b0C a 4\u00b0C (Tabela 1) dominaram as regi\u00f5es do Extremo-Oeste, Meio-Oeste, Planalto Sul e Planalto Norte, Alto Vale do Itaja\u00ed e Florian\u00f3polis Serrana, onde predomina uma massa de ar frio de origem polar, que trouxe tamb\u00e9m o terceiro evento de precipita\u00e7\u00e3o invernal do ano, com previsto pelos meteorologistas da Epagri\/Ciram desde a \u00faltima ter\u00e7a-feira (05).<\/p>\n\n\n\n<p>A neve e a chuva congelada foram registradas na Serra Catarinense, em S\u00e3o Joaquim, Urupema e Bom Jardim da Serra, na madrugada e manh\u00e3 de hoje (09), e ainda pode ocorrer nas pr\u00f3ximas horas, especialmente at\u00e9 o fim da manh\u00e3. O amanhecer na Serra, neste s\u00e1bado (09), foi de -0\u00b0C a -2,04\u00b0C em Urupema (Figura 1).<\/p>\n\n\n\n<p><strong>Contato:<\/strong><\/p>\n\n\n\n<p><strong>Gils\u00e2nia Cruz \u2013 Meteorologista<\/strong><br><strong>Epagri\/Ciram\/Florian\u00f3polis<\/strong><\/p>\n\n\n\n<p><\/p>\n\n\n\n<figure class=\"wp-block-image\"><img decoding=\"async\" src=\"https:\/\/lh7-rt.googleusercontent.com\/docsz\/AD_4nXffPcQ37TKPGM2ZncnnQvEJUcLohFid-0Iyrz7vE3ck2TQtkADFYJMT5P7yreOoM9oDetNwDCAA0d9_lA4GoyfFK_QyT-OsoIBWdXUbVZ80xExIFaKARTMc8aLgzXNy8QfErCWJSPSbEuNuxhKixA?key=HTsBMV45UjlkI02ehxYG5g\" alt=\"\"\/><\/figure>\n\n\n\n<p><strong>Figura 1 \u2013&nbsp;<\/strong>Menores temperaturas m\u00ednimas registradas em SC, nas primeiras horas da manh\u00e3 do dia 09\/08\/2025. Fonte: dados monitorados na Rede de Esta\u00e7\u00f5es Epagri\/Ciram e esta\u00e7\u00f5es de terceiros (sujeitos \u00e0 corre\u00e7\u00e3o posterior).&nbsp;<\/p>\n\n\n\n<p><strong>Tabela 1 \u2013&nbsp;T<\/strong>emperaturas m\u00ednimas registradas em SC, nas primeiras horas da manh\u00e3 do dia 09\/08\/2025 (00h as 09h). Fonte: dados monitorados na Rede de Esta\u00e7\u00f5es Epagri\/Ciram e esta\u00e7\u00f5es de terceiros (sujeitos \u00e0 corre\u00e7\u00e3o posterior).&nbsp;<\/p>\n\n\n\n<figure class=\"wp-block-table\"><table class=\"has-fixed-layout\"><tbody><tr><td><strong>Regi\u00e3o<\/strong><\/td><td><strong>Munic\u00edpio<\/strong><\/td><td><strong>Temp. M\u00edn. (\u00baC) &#8211; 09\/08\/2025 00:00:00 \u00e0 09\/08\/2025 09:00:00<\/strong><\/td><td><strong>Data\/Hora<\/strong><\/td><\/tr><tr><td>Planalto Sul<\/td><td>Urupema<\/td><td>-2,04<\/td><td>09\/08\/2025 06:00<\/td><\/tr><tr><td>Planalto Sul<\/td><td>S\u00e3o Joaquim<\/td><td>-0,86<\/td><td>09\/08\/2025 05:00<\/td><\/tr><tr><td>Planalto Sul<\/td><td>Urubici<\/td><td>-0,55<\/td><td>09\/08\/2025 06:00<\/td><\/tr><tr><td>Planalto Sul<\/td><td>Painel<\/td><td>-0,04<\/td><td>09\/08\/2025 06:00<\/td><\/tr><tr><td>Planalto Sul<\/td><td>Bocaina do Sul<\/td><td>1,10<\/td><td>09\/08\/2025 08:00<\/td><\/tr><tr><td>Planalto Sul<\/td><td>Palmeira<\/td><td>1,54<\/td><td>09\/08\/2025 07:00<\/td><\/tr><tr><td>Planalto Sul<\/td><td>Bom Jardim da Serra<\/td><td>1,61<\/td><td>09\/08\/2025 09:00<\/td><\/tr><tr><td>Planalto Sul<\/td><td>Campo Belo do Sul<\/td><td>1,67<\/td><td>09\/08\/2025 07:00<\/td><\/tr><tr><td>Planalto Sul<\/td><td>Lages<\/td><td>1,80<\/td><td>09\/08\/2025 07:00<\/td><\/tr><tr><td>Planalto Sul<\/td><td>Otac\u00edlio Costa<\/td><td>2,27<\/td><td>09\/08\/2025 08:00<\/td><\/tr><tr><td>Planalto Sul<\/td><td>Rio Rufino<\/td><td>3,58<\/td><td>09\/08\/2025 03:00<\/td><\/tr><tr><td>Planalto Sul<\/td><td>Bom Retiro<\/td><td>4,20<\/td><td>09\/08\/2025 07:00<\/td><\/tr><tr><td>Oeste<\/td><td>\u00c1gua Doce<\/td><td>-1,64<\/td><td>09\/08\/2025 09:00<\/td><\/tr><tr><td>Oeste<\/td><td>Xanxer\u00ea<\/td><td>1,10<\/td><td>09\/08\/2025 06:00<\/td><\/tr><tr><td>Oeste<\/td><td>Seara<\/td><td>2,14<\/td><td>09\/08\/2025 05:00<\/td><\/tr><tr><td>Oeste<\/td><td>Chapec\u00f3<\/td><td>2,32<\/td><td>09\/08\/2025 05:00<\/td><\/tr><tr><td>Oeste<\/td><td>Conc\u00f3rdia<\/td><td>3,23<\/td><td>09\/08\/2025 05:00<\/td><\/tr><tr><td>Meio-Oeste<\/td><td>Tangar\u00e1<\/td><td>0,38<\/td><td>09\/08\/2025 09:00<\/td><\/tr><tr><td>Meio-Oeste<\/td><td>Fraiburgo<\/td><td>1,21<\/td><td>09\/08\/2025 06:00<\/td><\/tr><tr><td>Meio-Oeste<\/td><td>Lebon R\u00e9gis<\/td><td>1,32<\/td><td>09\/08\/2025 06:00<\/td><\/tr><tr><td>Meio-Oeste<\/td><td>Arroio Trinta<\/td><td>1,38<\/td><td>09\/08\/2025 07:00<\/td><\/tr><tr><td>Meio-Oeste<\/td><td>Campos Novos<\/td><td>1,63<\/td><td>09\/08\/2025 09:00<\/td><\/tr><tr><td>Meio-Oeste<\/td><td>S\u00e3o Cristov\u00e3o do Sul<\/td><td>1,65<\/td><td>09\/08\/2025 08:00<\/td><\/tr><tr><td>Meio-Oeste<\/td><td>Monte Carlo<\/td><td>2,00<\/td><td>09\/08\/2025 06:00<\/td><\/tr><tr><td>Meio-Oeste<\/td><td>Curitibanos<\/td><td>2,00<\/td><td>09\/08\/2025 04:00<\/td><\/tr><tr><td>Meio-Oeste<\/td><td>Ca\u00e7ador<\/td><td>2,05<\/td><td>09\/08\/2025 07:00<\/td><\/tr><tr><td>Meio-Oeste<\/td><td>Ponte Alta do Norte<\/td><td>2,27<\/td><td>09\/08\/2025 05:00<\/td><\/tr><tr><td>Meio-Oeste<\/td><td>Frei Rog\u00e9rio<\/td><td>2,30<\/td><td>09\/08\/2025 05:00<\/td><\/tr><tr><td>Meio-Oeste<\/td><td>Rio das Antas<\/td><td>2,30<\/td><td>09\/08\/2025 07:00<\/td><\/tr><tr><td>Meio-Oeste<\/td><td>Brun\u00f3polis<\/td><td>2,41<\/td><td>09\/08\/2025 05:00<\/td><\/tr><tr><td>Meio-Oeste<\/td><td>Piratuba<\/td><td>2,96<\/td><td>09\/08\/2025 08:00<\/td><\/tr><tr><td>Meio-Oeste<\/td><td>Celso Ramos<\/td><td>3,01<\/td><td>09\/08\/2025 07:00<\/td><\/tr><tr><td>Meio-Oeste<\/td><td>Ibiam<\/td><td>3,10<\/td><td>09\/08\/2025 09:00<\/td><\/tr><tr><td>Meio-Oeste<\/td><td>Videira<\/td><td>3,13<\/td><td>09\/08\/2025 07:00<\/td><\/tr><tr><td>Meio-Oeste<\/td><td>Pinheiro Preto<\/td><td>3,26<\/td><td>09\/08\/2025 08:00<\/td><\/tr><tr><td>Meio-Oeste<\/td><td>Abdon Batista<\/td><td>3,82<\/td><td>09\/08\/2025 08:00<\/td><\/tr><tr><td>Meio-Oeste<\/td><td>Vargem<\/td><td>4,14<\/td><td>09\/08\/2025 08:00<\/td><\/tr><tr><td>Extremo Oeste<\/td><td>Novo Horizonte<\/td><td>0,50<\/td><td>09\/08\/2025 07:00<\/td><\/tr><tr><td>Extremo Oeste<\/td><td>Campo Er\u00ea<\/td><td>0,56<\/td><td>09\/08\/2025 07:00<\/td><\/tr><tr><td>Extremo Oeste<\/td><td>Abelardo Luz<\/td><td>1,08<\/td><td>09\/08\/2025 07:00<\/td><\/tr><tr><td>Extremo Oeste<\/td><td>Anchieta<\/td><td>1,48<\/td><td>09\/08\/2025 06:00<\/td><\/tr><tr><td>Extremo Oeste<\/td><td>Maravilha<\/td><td>1,74<\/td><td>09\/08\/2025 07:00<\/td><\/tr><tr><td>Extremo Oeste<\/td><td>Dion\u00edsio Cerqueira<\/td><td>1,90<\/td><td>09\/08\/2025 07:00<\/td><\/tr><tr><td>Extremo Oeste<\/td><td>Pinhalzinho<\/td><td>3,43<\/td><td>09\/08\/2025 08:00<\/td><\/tr><tr><td>Extremo Oeste<\/td><td>Caibi<\/td><td>3,65<\/td><td>09\/08\/2025 06:00<\/td><\/tr><tr><td>Extremo Oeste<\/td><td>Itapiranga<\/td><td>3,86<\/td><td>09\/08\/2025 06:00<\/td><\/tr><tr><td>Planalto Norte<\/td><td>Canoinhas<\/td><td>1,14<\/td><td>09\/08\/2025 06:00<\/td><\/tr><tr><td>Planalto Norte<\/td><td>Porto Uni\u00e3o<\/td><td>1,81<\/td><td>09\/08\/2025 08:00<\/td><\/tr><tr><td>Planalto Norte<\/td><td>Major Vieira<\/td><td>1,90<\/td><td>09\/08\/2025 06:00<\/td><\/tr><tr><td>Planalto Norte<\/td><td>Irine\u00f3polis<\/td><td>2,24<\/td><td>09\/08\/2025 08:00<\/td><\/tr><tr><td>Planalto Norte<\/td><td>Itai\u00f3polis<\/td><td>2,49<\/td><td>09\/08\/2025 07:00<\/td><\/tr><tr><td>Planalto Norte<\/td><td>Rio Negrinho<\/td><td>2,62<\/td><td>09\/08\/2025 08:00<\/td><\/tr><tr><td>Planalto Norte<\/td><td>Papanduva<\/td><td>3,92<\/td><td>09\/08\/2025 09:00<\/td><\/tr><tr><td>Fpolis Serrana<\/td><td>Rancho Queimado<\/td><td>1,70<\/td><td>09\/08\/2025 07:00<\/td><\/tr><tr><td>Fpolis Serrana<\/td><td>Leoberto Leal<\/td><td>3,87<\/td><td>09\/08\/2025 08:00<\/td><\/tr><tr><td>Fpolis Serrana<\/td><td>Alfredo Wagner<\/td><td>3,98<\/td><td>09\/08\/2025 08:00<\/td><\/tr><tr><td>Fpolis Serrana<\/td><td>Major Gercino<\/td><td>4,08<\/td><td>09\/08\/2025 07:00<\/td><\/tr><tr><td>Fpolis Serrana<\/td><td>S\u00e3o Bonif\u00e1cio<\/td><td>4,24<\/td><td>09\/08\/2025 08:00<\/td><\/tr><tr><td>Vale do Itaja\u00ed<\/td><td>Imbuia<\/td><td>3,30<\/td><td>09\/08\/2025 07:00<\/td><\/tr><tr><td>Vale do Itaja\u00ed<\/td><td>Ituporanga<\/td><td>3,44<\/td><td>09\/08\/2025 08:00<\/td><\/tr><tr><td>Vale do Itaja\u00ed<\/td><td>Vidal Ramos<\/td><td>3,76<\/td><td>09\/08\/2025 05:00<\/td><\/tr><tr><td>Vale do Itaja\u00ed<\/td><td>Rio do Campo<\/td><td>4,10<\/td><td>09\/08\/2025 06:00<\/td><\/tr><tr><td>Vale do Itaja\u00ed<\/td><td>Aurora<\/td><td>4,33<\/td><td>09\/08\/2025 08:00<\/td><\/tr><tr><td>Vale do Itaja\u00ed<\/td><td>Chapad\u00e3o do Lageado<\/td><td>4,73<\/td><td>09\/08\/2025 08:00<\/td><\/tr><tr><td>Vale do Itaja\u00ed<\/td><td>Benedito Novo<\/td><td>4,74<\/td><td>09\/08\/2025 06:00<\/td><\/tr><tr><td>Vale do Itaja\u00ed<\/td><td>Atalanta<\/td><td>4,75<\/td><td>09\/08\/2025 08:00<\/td><\/tr><tr><td>Vale do Itaja\u00ed<\/td><td>Presidente Get\u00falio<\/td><td>4,94<\/td><td>09\/08\/2025 07:00<\/td><\/tr><tr><td>Vale do Itaja\u00ed<\/td><td>Agron\u00f4mica<\/td><td>5,42<\/td><td>09\/08\/2025 06:00<\/td><\/tr><tr><td>Vale do Itaja\u00ed<\/td><td>Mirim Doce<\/td><td>5,60<\/td><td>09\/08\/2025 05:00<\/td><\/tr><tr><td>Vale do Itaja\u00ed<\/td><td>Lontras<\/td><td>7,54<\/td><td>09\/08\/2025 08:00<\/td><\/tr><tr><td>Litoral Norte<\/td><td>Itapo\u00e1<\/td><td>4,50<\/td><td>09\/08\/2025 07:00<\/td><\/tr><tr><td>Litoral Norte<\/td><td>Schroeder<\/td><td>6,42<\/td><td>09\/08\/2025 08:00<\/td><\/tr><tr><td>Litoral Norte<\/td><td>Corup\u00e1<\/td><td>6,67<\/td><td>09\/08\/2025 09:00<\/td><\/tr><tr><td>Litoral Norte<\/td><td>Jaragu\u00e1 do Sul<\/td><td>6,91<\/td><td>09\/08\/2025 07:00<\/td><\/tr><tr><td>Litoral Norte<\/td><td>Itaja\u00ed<\/td><td>7,30<\/td><td>09\/08\/2025 08:00<\/td><\/tr><tr><td>Litoral Norte<\/td><td>Cambori\u00fa<\/td><td>7,84<\/td><td>09\/08\/2025 07:00<\/td><\/tr><tr><td>Litoral Norte<\/td><td>Balne\u00e1rio Barra do Sul<\/td><td>8,38<\/td><td>09\/08\/2025 06:00<\/td><\/tr><tr><td>Litoral Norte<\/td><td>Joinville<\/td><td>8,63<\/td><td>09\/08\/2025 07:00<\/td><\/tr><tr><td>Litoral Norte<\/td><td>Massaranduba<\/td><td>9,16<\/td><td>09\/08\/2025 03:00<\/td><\/tr><tr><td>Litoral Norte<\/td><td>S\u00e3o Jo\u00e3o do Itaperi\u00fa<\/td><td>9,22<\/td><td>09\/08\/2025 07:00<\/td><\/tr><tr><td>Litoral Norte<\/td><td>Ilhota<\/td><td>11,24<\/td><td>09\/08\/2025 08:00<\/td><\/tr><tr><td>Fpolis Litor\u00e2nea<\/td><td>\u00c1guas Mornas<\/td><td>4,72<\/td><td>09\/08\/2025 08:00<\/td><\/tr><tr><td>Fpolis Litor\u00e2nea<\/td><td>Florian\u00f3polis<\/td><td>6,09<\/td><td>09\/08\/2025 07:00<\/td><\/tr><tr><td>Fpolis Litor\u00e2nea<\/td><td>Nova Trento<\/td><td>6,10<\/td><td>09\/08\/2025 08:00<\/td><\/tr><tr><td>Fpolis Litor\u00e2nea<\/td><td>Santo Amaro da Imperatriz<\/td><td>6,61<\/td><td>09\/08\/2025 06:00<\/td><\/tr><tr><td>Fpolis Litor\u00e2nea<\/td><td>Ant\u00f4nio Carlos<\/td><td>7,43<\/td><td>09\/08\/2025 07:00<\/td><\/tr><tr><td>Fpolis Litor\u00e2nea<\/td><td>Tijucas<\/td><td>7,84<\/td><td>09\/08\/2025 08:00<\/td><\/tr><tr><td>Litoral Sul<\/td><td>Timb\u00e9 do Sul<\/td><td>5,12<\/td><td>09\/08\/2025 03:00<\/td><\/tr><tr><td>Litoral Sul<\/td><td>Rio Fortuna<\/td><td>5,42<\/td><td>09\/08\/2025 05:00<\/td><\/tr><tr><td>Litoral Sul<\/td><td>Urussanga<\/td><td>5,50<\/td><td>09\/08\/2025 05:00<\/td><\/tr><tr><td>Litoral Sul<\/td><td>Orleans<\/td><td>6,32<\/td><td>09\/08\/2025 06:00<\/td><\/tr><tr><td>Litoral Sul<\/td><td>Gravatal<\/td><td>7,76<\/td><td>09\/08\/2025 05:00<\/td><\/tr><tr><td>Litoral Sul<\/td><td>Tubar\u00e3o<\/td><td>7,86<\/td><td>09\/08\/2025 06:00<\/td><\/tr><tr><td>Litoral Sul<\/td><td>Crici\u00fama<\/td><td>8,54<\/td><td>09\/08\/2025 05:00<\/td><\/tr><tr><td>Litoral Sul<\/td><td>Imaru\u00ed<\/td><td>8,61<\/td><td>09\/08\/2025 03:00<\/td><\/tr><tr><td>Litoral Sul<\/td><td>Sider\u00f3polis<\/td><td>8,74<\/td><td>09\/08\/2025 02:00<\/td><\/tr><tr><td>Litoral Sul<\/td><td>Jaguaruna<\/td><td>9,65<\/td><td>09\/08\/2025 02:00<\/td><\/tr><tr><td>Litoral Sul<\/td><td>Sombrio<\/td><td>9,72<\/td><td>09\/08\/2025 08:00<\/td><\/tr><tr><td>Litoral Sul<\/td><td>Ararangu\u00e1<\/td><td>9,90<\/td><td>09\/08\/2025 07:00<\/td><\/tr><tr><td>Litoral Sul<\/td><td>I\u00e7ara<\/td><td>9,98<\/td><td>09\/08\/2025 09:00<\/td><\/tr><tr><td>Litoral Sul<\/td><td>Meleiro<\/td><td>9,99<\/td><td>09\/08\/2025 05:00<\/td><\/tr><tr><td>Litoral Sul<\/td><td>Jacinto Machado<\/td><td>10,36<\/td><td>09\/08\/2025 08:00<\/td><\/tr><tr><td>Litoral Sul<\/td><td>Imbituba<\/td><td>11,30<\/td><td>09\/08\/2025 05:00<\/td><\/tr><\/tbody><\/table><\/figure>\n","protected":false},"excerpt":{"rendered":"<p>S\u00e1bado (09) com frio gelado no amanhecer, t\u00edpico da esta\u00e7\u00e3o de inverno no Sul do Brasil. Temperaturas de -2\u00b0C a 4\u00b0C (Tabela 1) dominaram as regi\u00f5es do Extremo-Oeste, Meio-Oeste, Planalto Sul e Planalto Norte, Alto Vale do Itaja\u00ed e Florian\u00f3polis Serrana, onde predomina uma massa de ar frio de origem polar, que trouxe tamb\u00e9m o [&hellip;]<\/p>\n","protected":false},"author":10,"featured_media":44036,"comment_status":"closed","ping_status":"closed","sticky":false,"template":"","format":"standard","meta":{"ocean_post_layout":"","ocean_both_sidebars_style":"","ocean_both_sidebars_content_width":0,"ocean_both_sidebars_sidebars_width":0,"ocean_sidebar":"","ocean_second_sidebar":"","ocean_disable_margins":"enable","ocean_add_body_class":"","ocean_shortcode_before_top_bar":"","ocean_shortcode_after_top_bar":"","ocean_shortcode_before_header":"","ocean_shortcode_after_header":"","ocean_has_shortcode":"","ocean_shortcode_after_title":"","ocean_shortcode_before_footer_widgets":"","ocean_shortcode_after_footer_widgets":"","ocean_shortcode_before_footer_bottom":"","ocean_shortcode_after_footer_bottom":"","ocean_display_top_bar":"default","ocean_display_header":"default","ocean_header_style":"","ocean_center_header_left_menu":"","ocean_custom_header_template":"","ocean_custom_logo":0,"ocean_custom_retina_logo":0,"ocean_custom_logo_max_width":0,"ocean_custom_logo_tablet_max_width":0,"ocean_custom_logo_mobile_max_width":0,"ocean_custom_logo_max_height":0,"ocean_custom_logo_tablet_max_height":0,"ocean_custom_logo_mobile_max_height":0,"ocean_header_custom_menu":"","ocean_menu_typo_font_family":"","ocean_menu_typo_font_subset":"","ocean_menu_typo_font_size":0,"ocean_menu_typo_font_size_tablet":0,"ocean_menu_typo_font_size_mobile":0,"ocean_menu_typo_font_size_unit":"px","ocean_menu_typo_font_weight":"","ocean_menu_typo_font_weight_tablet":"","ocean_menu_typo_font_weight_mobile":"","ocean_menu_typo_transform":"","ocean_menu_typo_transform_tablet":"","ocean_menu_typo_transform_mobile":"","ocean_menu_typo_line_height":0,"ocean_menu_typo_line_height_tablet":0,"ocean_menu_typo_line_height_mobile":0,"ocean_menu_typo_line_height_unit":"","ocean_menu_typo_spacing":0,"ocean_menu_typo_spacing_tablet":0,"ocean_menu_typo_spacing_mobile":0,"ocean_menu_typo_spacing_unit":"","ocean_menu_link_color":"","ocean_menu_link_color_hover":"","ocean_menu_link_color_active":"","ocean_menu_link_background":"","ocean_menu_link_hover_background":"","ocean_menu_link_active_background":"","ocean_menu_social_links_bg":"","ocean_menu_social_hover_links_bg":"","ocean_menu_social_links_color":"","ocean_menu_social_hover_links_color":"","ocean_disable_title":"default","ocean_disable_heading":"default","ocean_post_title":"","ocean_post_subheading":"","ocean_post_title_style":"","ocean_post_title_background_color":"","ocean_post_title_background":0,"ocean_post_title_bg_image_position":"","ocean_post_title_bg_image_attachment":"","ocean_post_title_bg_image_repeat":"","ocean_post_title_bg_image_size":"","ocean_post_title_height":0,"ocean_post_title_bg_overlay":0.5,"ocean_post_title_bg_overlay_color":"","ocean_disable_breadcrumbs":"default","ocean_breadcrumbs_color":"","ocean_breadcrumbs_separator_color":"","ocean_breadcrumbs_links_color":"","ocean_breadcrumbs_links_hover_color":"","ocean_display_footer_widgets":"default","ocean_display_footer_bottom":"default","ocean_custom_footer_template":"","ocean_post_oembed":"","ocean_post_self_hosted_media":"","ocean_post_video_embed":"","ocean_link_format":"","ocean_link_format_target":"self","ocean_quote_format":"","ocean_quote_format_link":"post","ocean_gallery_link_images":"on","ocean_gallery_id":[],"footnotes":""},"categories":[6],"tags":[],"class_list":["post-44035","post","type-post","status-publish","format-standard","has-post-thumbnail","hentry","category-notas-meteorologicas","entry","has-media"],"_links":{"self":[{"href":"https:\/\/ciram.epagri.sc.gov.br\/index.php\/wp-json\/wp\/v2\/posts\/44035","targetHints":{"allow":["GET"]}}],"collection":[{"href":"https:\/\/ciram.epagri.sc.gov.br\/index.php\/wp-json\/wp\/v2\/posts"}],"about":[{"href":"https:\/\/ciram.epagri.sc.gov.br\/index.php\/wp-json\/wp\/v2\/types\/post"}],"author":[{"embeddable":true,"href":"https:\/\/ciram.epagri.sc.gov.br\/index.php\/wp-json\/wp\/v2\/users\/10"}],"replies":[{"embeddable":true,"href":"https:\/\/ciram.epagri.sc.gov.br\/index.php\/wp-json\/wp\/v2\/comments?post=44035"}],"version-history":[{"count":4,"href":"https:\/\/ciram.epagri.sc.gov.br\/index.php\/wp-json\/wp\/v2\/posts\/44035\/revisions"}],"predecessor-version":[{"id":44040,"href":"https:\/\/ciram.epagri.sc.gov.br\/index.php\/wp-json\/wp\/v2\/posts\/44035\/revisions\/44040"}],"wp:featuredmedia":[{"embeddable":true,"href":"https:\/\/ciram.epagri.sc.gov.br\/index.php\/wp-json\/wp\/v2\/media\/44036"}],"wp:attachment":[{"href":"https:\/\/ciram.epagri.sc.gov.br\/index.php\/wp-json\/wp\/v2\/media?parent=44035"}],"wp:term":[{"taxonomy":"category","embeddable":true,"href":"https:\/\/ciram.epagri.sc.gov.br\/index.php\/wp-json\/wp\/v2\/categories?post=44035"},{"taxonomy":"post_tag","embeddable":true,"href":"https:\/\/ciram.epagri.sc.gov.br\/index.php\/wp-json\/wp\/v2\/tags?post=44035"}],"curies":[{"name":"wp","href":"https:\/\/api.w.org\/{rel}","templated":true}]}}