{"id":44334,"date":"2025-08-25T12:44:41","date_gmt":"2025-08-25T15:44:41","guid":{"rendered":"https:\/\/ciram.epagri.sc.gov.br\/?p=44334"},"modified":"2025-08-25T12:45:02","modified_gmt":"2025-08-25T15:45:02","slug":"a-virada-do-tempo-no-final-de-semana-chuva-acima-de-100mm-em-24-horas-frio-e-ventos-de-70-km-h","status":"publish","type":"post","link":"https:\/\/ciram.epagri.sc.gov.br\/index.php\/2025\/08\/25\/a-virada-do-tempo-no-final-de-semana-chuva-acima-de-100mm-em-24-horas-frio-e-ventos-de-70-km-h\/","title":{"rendered":"A virada do tempo no final de semana: chuva acima de 100mm em 24 horas, frio e ventos de 70 km\/h"},"content":{"rendered":"\n<p><\/p>\n\n\n\n<p><\/p>\n\n\n\n<p>Volumes de chuva entre 80mm e 100mm, em apenas 24 horas, foram registrados em SC, e de forma bem distribu\u00edda em localidades do Meio-Oeste, Alto Vale do Itaja\u00ed, Planalto Sul e Litoral Sul. Apesar dos volumes hor\u00e1rios n\u00e3o serem elevados, ficando entre 5mm\/h e 10mm\/h, a persist\u00eancia da chuva, que teve in\u00edcio na tarde do s\u00e1bado (23) e estendeu-se no domingo (24), contribuiu para acumular os elevados valores. Veja no mapa da Figura 1 os totais acumulados nesses dois dias (23 e 24), que passaram de 100mm em diversas localidades nas referidas regi\u00f5es.<\/p>\n\n\n\n<p>A passagem de uma frente fria foi o sistema respons\u00e1vel pela virada do tempo em SC. Al\u00e9m disto, outros sistemas atmosf\u00e9ricos contribu\u00edram para a chuva ser mais intensa em algumas regi\u00f5es do estado, como a atua\u00e7\u00e3o da corrente de jato superior (ventos fortes em altos n\u00edveis da atmosfera) e o maior aporte de umidade do ar.<\/p>\n\n\n\n<p><strong>Ventos fortes e frio<\/strong><\/p>\n\n\n\n<p>Em SC, a passagem da frente fria tamb\u00e9m marcou a tarde e noite de s\u00e1bado (23\/08) com intensas rajadas de vento, que chegaram a 68 km\/h na Lagoa do Peri (esta\u00e7\u00e3o da CASAN) e em Balne\u00e1rio Barra do Sul, ambas no Litoral do estado.<\/p>\n\n\n\n<p>Tamb\u00e9m no s\u00e1bado (23), um calor de mais de 30\u00b0C fez a alegria dos moradores no Litoral catarinense. A temperatura chegou em 35,8\u00b0C em Jaragu\u00e1 do Sul e em 31\u00b0C em \u00c1guas Mornas. No domingo (24), a massa de ar frio que acompanhou a frente fria derrubou as temperaturas em todo o estado.<\/p>\n\n\n\n<p>Em S\u00e3o Joaquim (esta\u00e7\u00e3o Boava), a temperatura de 23\u00b0C registrada no final da manh\u00e3 de s\u00e1bado (23) caiu para 5\u00b0C na noite deste dia. No domingo (24), a m\u00e1xima n\u00e3o passou de 6,5\u00b0 nesta localidade, em um dia marcado por uma massa de ar frio e \u00famido.<\/p>\n\n\n\n<p>O frio e a chuva se mant\u00eam pelo menos at\u00e9 quarta-feira (27) no estado (link Previs\u00e3o).<\/p>\n\n\n\n<p><strong>Laura Rodrigues e Gils\u00e2nia Cruz \u2013 Meteorologistas Epagri\/Ciram<\/strong><\/p>\n\n\n\n<figure class=\"wp-block-image size-large is-resized\"><img fetchpriority=\"high\" decoding=\"async\" width=\"1024\" height=\"640\" src=\"https:\/\/ciram.epagri.sc.gov.br\/wp-content\/uploads\/2025\/08\/figura-1-1024x640.jpg\" alt=\"\" class=\"wp-image-44335\" style=\"width:632px;height:auto\" srcset=\"https:\/\/ciram.epagri.sc.gov.br\/wp-content\/uploads\/2025\/08\/figura-1-1024x640.jpg 1024w, https:\/\/ciram.epagri.sc.gov.br\/wp-content\/uploads\/2025\/08\/figura-1-300x188.jpg 300w, https:\/\/ciram.epagri.sc.gov.br\/wp-content\/uploads\/2025\/08\/figura-1-768x480.jpg 768w, https:\/\/ciram.epagri.sc.gov.br\/wp-content\/uploads\/2025\/08\/figura-1.jpg 1246w\" sizes=\"(max-width: 1024px) 100vw, 1024px\" \/><\/figure>\n\n\n\n<p><strong>Figura 1<\/strong>\u2013 Mapa de precipita\u00e7\u00e3o em SC, com acumulados em 48 horas, entre os dias 23 e 24\/08\/2025 (Fonte: banco de informa\u00e7\u00f5es Epagri\/Ciram, sujeito \u00e0 revis\u00e3o posterior).<\/p>\n","protected":false},"excerpt":{"rendered":"<p>Volumes de chuva entre 80mm e 100mm, em apenas 24 horas, foram registrados em SC, e de forma bem distribu\u00edda em localidades do Meio-Oeste, Alto Vale do Itaja\u00ed, Planalto Sul e Litoral Sul. Apesar dos volumes hor\u00e1rios n\u00e3o serem elevados, ficando entre 5mm\/h e 10mm\/h, a persist\u00eancia da chuva, que teve in\u00edcio na tarde do [&hellip;]<\/p>\n","protected":false},"author":31,"featured_media":44336,"comment_status":"closed","ping_status":"closed","sticky":false,"template":"","format":"standard","meta":{"ocean_post_layout":"","ocean_both_sidebars_style":"","ocean_both_sidebars_content_width":0,"ocean_both_sidebars_sidebars_width":0,"ocean_sidebar":"","ocean_second_sidebar":"","ocean_disable_margins":"enable","ocean_add_body_class":"","ocean_shortcode_before_top_bar":"","ocean_shortcode_after_top_bar":"","ocean_shortcode_before_header":"","ocean_shortcode_after_header":"","ocean_has_shortcode":"","ocean_shortcode_after_title":"","ocean_shortcode_before_footer_widgets":"","ocean_shortcode_after_footer_widgets":"","ocean_shortcode_before_footer_bottom":"","ocean_shortcode_after_footer_bottom":"","ocean_display_top_bar":"default","ocean_display_header":"default","ocean_header_style":"","ocean_center_header_left_menu":"","ocean_custom_header_template":"","ocean_custom_logo":0,"ocean_custom_retina_logo":0,"ocean_custom_logo_max_width":0,"ocean_custom_logo_tablet_max_width":0,"ocean_custom_logo_mobile_max_width":0,"ocean_custom_logo_max_height":0,"ocean_custom_logo_tablet_max_height":0,"ocean_custom_logo_mobile_max_height":0,"ocean_header_custom_menu":"","ocean_menu_typo_font_family":"","ocean_menu_typo_font_subset":"","ocean_menu_typo_font_size":0,"ocean_menu_typo_font_size_tablet":0,"ocean_menu_typo_font_size_mobile":0,"ocean_menu_typo_font_size_unit":"px","ocean_menu_typo_font_weight":"","ocean_menu_typo_font_weight_tablet":"","ocean_menu_typo_font_weight_mobile":"","ocean_menu_typo_transform":"","ocean_menu_typo_transform_tablet":"","ocean_menu_typo_transform_mobile":"","ocean_menu_typo_line_height":0,"ocean_menu_typo_line_height_tablet":0,"ocean_menu_typo_line_height_mobile":0,"ocean_menu_typo_line_height_unit":"","ocean_menu_typo_spacing":0,"ocean_menu_typo_spacing_tablet":0,"ocean_menu_typo_spacing_mobile":0,"ocean_menu_typo_spacing_unit":"","ocean_menu_link_color":"","ocean_menu_link_color_hover":"","ocean_menu_link_color_active":"","ocean_menu_link_background":"","ocean_menu_link_hover_background":"","ocean_menu_link_active_background":"","ocean_menu_social_links_bg":"","ocean_menu_social_hover_links_bg":"","ocean_menu_social_links_color":"","ocean_menu_social_hover_links_color":"","ocean_disable_title":"default","ocean_disable_heading":"default","ocean_post_title":"","ocean_post_subheading":"","ocean_post_title_style":"","ocean_post_title_background_color":"","ocean_post_title_background":0,"ocean_post_title_bg_image_position":"","ocean_post_title_bg_image_attachment":"","ocean_post_title_bg_image_repeat":"","ocean_post_title_bg_image_size":"","ocean_post_title_height":0,"ocean_post_title_bg_overlay":0.5,"ocean_post_title_bg_overlay_color":"","ocean_disable_breadcrumbs":"default","ocean_breadcrumbs_color":"","ocean_breadcrumbs_separator_color":"","ocean_breadcrumbs_links_color":"","ocean_breadcrumbs_links_hover_color":"","ocean_display_footer_widgets":"default","ocean_display_footer_bottom":"default","ocean_custom_footer_template":"","ocean_post_oembed":"","ocean_post_self_hosted_media":"","ocean_post_video_embed":"","ocean_link_format":"","ocean_link_format_target":"self","ocean_quote_format":"","ocean_quote_format_link":"post","ocean_gallery_link_images":"on","ocean_gallery_id":[],"footnotes":""},"categories":[6],"tags":[],"class_list":["post-44334","post","type-post","status-publish","format-standard","has-post-thumbnail","hentry","category-notas-meteorologicas","entry","has-media"],"_links":{"self":[{"href":"https:\/\/ciram.epagri.sc.gov.br\/index.php\/wp-json\/wp\/v2\/posts\/44334","targetHints":{"allow":["GET"]}}],"collection":[{"href":"https:\/\/ciram.epagri.sc.gov.br\/index.php\/wp-json\/wp\/v2\/posts"}],"about":[{"href":"https:\/\/ciram.epagri.sc.gov.br\/index.php\/wp-json\/wp\/v2\/types\/post"}],"author":[{"embeddable":true,"href":"https:\/\/ciram.epagri.sc.gov.br\/index.php\/wp-json\/wp\/v2\/users\/31"}],"replies":[{"embeddable":true,"href":"https:\/\/ciram.epagri.sc.gov.br\/index.php\/wp-json\/wp\/v2\/comments?post=44334"}],"version-history":[{"count":1,"href":"https:\/\/ciram.epagri.sc.gov.br\/index.php\/wp-json\/wp\/v2\/posts\/44334\/revisions"}],"predecessor-version":[{"id":44337,"href":"https:\/\/ciram.epagri.sc.gov.br\/index.php\/wp-json\/wp\/v2\/posts\/44334\/revisions\/44337"}],"wp:featuredmedia":[{"embeddable":true,"href":"https:\/\/ciram.epagri.sc.gov.br\/index.php\/wp-json\/wp\/v2\/media\/44336"}],"wp:attachment":[{"href":"https:\/\/ciram.epagri.sc.gov.br\/index.php\/wp-json\/wp\/v2\/media?parent=44334"}],"wp:term":[{"taxonomy":"category","embeddable":true,"href":"https:\/\/ciram.epagri.sc.gov.br\/index.php\/wp-json\/wp\/v2\/categories?post=44334"},{"taxonomy":"post_tag","embeddable":true,"href":"https:\/\/ciram.epagri.sc.gov.br\/index.php\/wp-json\/wp\/v2\/tags?post=44334"}],"curies":[{"name":"wp","href":"https:\/\/api.w.org\/{rel}","templated":true}]}}