{"id":44373,"date":"2025-08-27T08:54:38","date_gmt":"2025-08-27T11:54:38","guid":{"rendered":"https:\/\/ciram.epagri.sc.gov.br\/?p=44373"},"modified":"2025-08-27T08:54:38","modified_gmt":"2025-08-27T11:54:38","slug":"inverno-mais-frio-em-sc-desde-2016","status":"publish","type":"post","link":"https:\/\/ciram.epagri.sc.gov.br\/index.php\/2025\/08\/27\/inverno-mais-frio-em-sc-desde-2016\/","title":{"rendered":"Inverno mais frio em SC desde 2016\u00a0"},"content":{"rendered":"\n<p>As baixas temperaturas que marcaram o inverno de 2025, em Santa Catarina, est\u00e3o sendo as menores desde 2016. A an\u00e1lise dos dados de temperatura no estado faz parte de um estudo preliminar feito pela Epagri\/Ciram, com base em anomalias de temperatura m\u00e1xima e m\u00ednima de algumas esta\u00e7\u00f5es com s\u00e9ries hist\u00f3ricas mais longas no estado, para os anos entre 2010 e 2025, no trimestre junho-julho-agosto. Ressalta-se que, em 2025, foram usados dados de agosto at\u00e9 o dia 25.&nbsp;<\/p>\n\n\n\n<p>Tanto as temperaturas m\u00ednimas como as m\u00e1ximas ficaram abaixo da m\u00e9dia climatol\u00f3gica, em grande parte de Santa Catarina, em 2025 e 2016 (confira os mapas das Figuras 1 e 2) e ainda em 2011.&nbsp; Em 2025, especialmente as anomalias negativas de temperatura m\u00e1xima ficaram em torno de -1\u00b0C, enquanto em 2016 foram as temperaturas m\u00ednimas que apresentaram anomalias em torno de -1,5\u00b0C.&nbsp;<\/p>\n\n\n\n<p>Foi tamb\u00e9m identificado que nos anos de 2022, 2021, 2018, 2013 e 2010, as temperaturas ficaram entre pr\u00f3ximas e um pouco abaixo da m\u00e9dia climatol\u00f3gica, no trimestre junho-julho-agosto. Por outro lado, os demais anos analisados no estudo apresentaram temperaturas entre pr\u00f3ximas e um pouco acima da m\u00e9dia (2020, 2019, 2017, 2014 e 2012) ou acima da m\u00e9dia com anomalias positivas superiores a 1\u00b0C (2024, 2023 e 2015). Estes \u00faltimos foram anos de El Ni\u00f1o, em geral bem caracterizado por temperaturas e chuva acima da m\u00e9dia nas regi\u00f5es catarinenses.&nbsp;<\/p>\n\n\n\n<figure class=\"wp-block-image\"><img decoding=\"async\" src=\"https:\/\/lh7-rt.googleusercontent.com\/docsz\/AD_4nXc6CgsNETwh-uYkEDQd9SKpxXHBI2t-_InHLhZRD670aEFQ6oa1xR_akMLVTIsSjtF7F0S8Ql-ew1_yZKppGwAEmft4vH3WsthMnveRu9jYNHFIhMjI0v5W4pve99C--9dQXWgN1WvED3EQiN0sgw?key=oJpYChPFjX3ofWjgFQOtsg\" alt=\"C:\\Users\\laura\\Downloads\\max 2025.png\"\/><\/figure>\n\n\n\n<figure class=\"wp-block-image\"><img decoding=\"async\" src=\"https:\/\/lh7-rt.googleusercontent.com\/docsz\/AD_4nXcU24Ofh0rdnYxJGq0mX7CSxY1LMi00DFGXH9vA2lUxT0RVHSqDMe9qHz7NfZQWHnFV9XMI6m1WzC6JnWcKqY4y1KqTrvB0I4DVER8R5G4gKPVGEix-Xf7lA7fOAVefFDXVF5CWi-Y10q1mi2nwJw?key=oJpYChPFjX3ofWjgFQOtsg\" alt=\"C:\\Users\\laura\\Downloads\\min 2025.png\"\/><\/figure>\n\n\n\n<p><strong>Figura 1 \u2013&nbsp;<\/strong>Anomalias de temperatura em SC, m\u00e1xima e m\u00ednima, no trimestre junho-julho-agosto de 2025. Fonte: dados monitorados na Rede Epagri\/Ciram e esta\u00e7\u00f5es de terceiros (sujeitos \u00e0 corre\u00e7\u00e3o posterior).&nbsp;<\/p>\n\n\n\n<figure class=\"wp-block-image\"><img decoding=\"async\" src=\"https:\/\/lh7-rt.googleusercontent.com\/docsz\/AD_4nXdWyLSK_l_wWuOjqZUlyzg9eYG5nlKBheLrP-akkncymCh2Xj85ayIu5ER_pBpl0UvPK9pgovSZppbqYiIBGI_ISDOadp4XIU1sXNjWildpg1-wC30W6DEJ6Z7d_N7pfRgI8L1I-Z-kZW_-u3-eJEw?key=oJpYChPFjX3ofWjgFQOtsg\" alt=\"C:\\Users\\laura\\Downloads\\max 2016.png\"\/><\/figure>\n\n\n\n<figure class=\"wp-block-image\"><img decoding=\"async\" src=\"https:\/\/lh7-rt.googleusercontent.com\/docsz\/AD_4nXc0exnAEVlU2bzX0uZHN0Wwrc7Gj1r1SsBFAOpk-TxEpfcaeDhXZTe2O7ySDmAwadNwNOs-nAPt2GacIJ8qBKBDoeZRNhqZuTmRs8xDDzRE9cdi_J17loXU82Mc1SE-IiCXh6YjbpZJPN4rOAA4WwY?key=oJpYChPFjX3ofWjgFQOtsg\" alt=\"C:\\Users\\laura\\Downloads\\min 2016.png\"\/><\/figure>\n\n\n\n<p><strong>Figura 2 \u2013&nbsp;<\/strong>Anomalias de temperatura em SC, m\u00e1xima e m\u00ednima, no trimestre junho-julho-agosto de 2016. Fonte: dados monitorados na Rede Epagri\/Ciram e esta\u00e7\u00f5es de terceiros (sujeitos \u00e0 corre\u00e7\u00e3o posterior).&nbsp;<\/p>\n\n\n\n<p>Acesse dados de temperatura, obtidos de esta\u00e7\u00f5es autom\u00e1ticas da Rede de Monitoramento Epagri\/Ciram com institui\u00e7\u00f5es parceiras em:<\/p>\n\n\n\n<p><a href=\"https:\/\/ciram.epagri.sc.gov.br\/agroconnect\">https:\/\/ciram.epagri.sc.gov.br\/agroconnect<\/a><\/p>\n\n\n\n<p><strong>Contato:<\/strong><\/p>\n\n\n\n<p><strong>Laura Rodrigues, Marilene de Lima, Gils\u00e2nia Cruz \u2013 Meteorologistas<\/strong><\/p>\n\n\n\n<p><strong>Epagri\/Ciram\/Florian\u00f3polis<\/strong><\/p>\n\n\n\n<p><\/p>\n","protected":false},"excerpt":{"rendered":"<p>As baixas temperaturas que marcaram o inverno de 2025, em Santa Catarina, est\u00e3o sendo as menores desde 2016. A an\u00e1lise dos dados de temperatura no estado faz parte de um estudo preliminar feito pela Epagri\/Ciram, com base em anomalias de temperatura m\u00e1xima e m\u00ednima de algumas esta\u00e7\u00f5es com s\u00e9ries hist\u00f3ricas mais longas no estado, para [&hellip;]<\/p>\n","protected":false},"author":10,"featured_media":44374,"comment_status":"closed","ping_status":"closed","sticky":false,"template":"","format":"standard","meta":{"ocean_post_layout":"","ocean_both_sidebars_style":"","ocean_both_sidebars_content_width":0,"ocean_both_sidebars_sidebars_width":0,"ocean_sidebar":"","ocean_second_sidebar":"","ocean_disable_margins":"enable","ocean_add_body_class":"","ocean_shortcode_before_top_bar":"","ocean_shortcode_after_top_bar":"","ocean_shortcode_before_header":"","ocean_shortcode_after_header":"","ocean_has_shortcode":"","ocean_shortcode_after_title":"","ocean_shortcode_before_footer_widgets":"","ocean_shortcode_after_footer_widgets":"","ocean_shortcode_before_footer_bottom":"","ocean_shortcode_after_footer_bottom":"","ocean_display_top_bar":"default","ocean_display_header":"default","ocean_header_style":"","ocean_center_header_left_menu":"","ocean_custom_header_template":"","ocean_custom_logo":0,"ocean_custom_retina_logo":0,"ocean_custom_logo_max_width":0,"ocean_custom_logo_tablet_max_width":0,"ocean_custom_logo_mobile_max_width":0,"ocean_custom_logo_max_height":0,"ocean_custom_logo_tablet_max_height":0,"ocean_custom_logo_mobile_max_height":0,"ocean_header_custom_menu":"","ocean_menu_typo_font_family":"","ocean_menu_typo_font_subset":"","ocean_menu_typo_font_size":0,"ocean_menu_typo_font_size_tablet":0,"ocean_menu_typo_font_size_mobile":0,"ocean_menu_typo_font_size_unit":"px","ocean_menu_typo_font_weight":"","ocean_menu_typo_font_weight_tablet":"","ocean_menu_typo_font_weight_mobile":"","ocean_menu_typo_transform":"","ocean_menu_typo_transform_tablet":"","ocean_menu_typo_transform_mobile":"","ocean_menu_typo_line_height":0,"ocean_menu_typo_line_height_tablet":0,"ocean_menu_typo_line_height_mobile":0,"ocean_menu_typo_line_height_unit":"","ocean_menu_typo_spacing":0,"ocean_menu_typo_spacing_tablet":0,"ocean_menu_typo_spacing_mobile":0,"ocean_menu_typo_spacing_unit":"","ocean_menu_link_color":"","ocean_menu_link_color_hover":"","ocean_menu_link_color_active":"","ocean_menu_link_background":"","ocean_menu_link_hover_background":"","ocean_menu_link_active_background":"","ocean_menu_social_links_bg":"","ocean_menu_social_hover_links_bg":"","ocean_menu_social_links_color":"","ocean_menu_social_hover_links_color":"","ocean_disable_title":"default","ocean_disable_heading":"default","ocean_post_title":"","ocean_post_subheading":"","ocean_post_title_style":"","ocean_post_title_background_color":"","ocean_post_title_background":0,"ocean_post_title_bg_image_position":"","ocean_post_title_bg_image_attachment":"","ocean_post_title_bg_image_repeat":"","ocean_post_title_bg_image_size":"","ocean_post_title_height":0,"ocean_post_title_bg_overlay":0.5,"ocean_post_title_bg_overlay_color":"","ocean_disable_breadcrumbs":"default","ocean_breadcrumbs_color":"","ocean_breadcrumbs_separator_color":"","ocean_breadcrumbs_links_color":"","ocean_breadcrumbs_links_hover_color":"","ocean_display_footer_widgets":"default","ocean_display_footer_bottom":"default","ocean_custom_footer_template":"","ocean_post_oembed":"","ocean_post_self_hosted_media":"","ocean_post_video_embed":"","ocean_link_format":"","ocean_link_format_target":"self","ocean_quote_format":"","ocean_quote_format_link":"post","ocean_gallery_link_images":"on","ocean_gallery_id":[],"footnotes":""},"categories":[6],"tags":[],"class_list":["post-44373","post","type-post","status-publish","format-standard","has-post-thumbnail","hentry","category-notas-meteorologicas","entry","has-media"],"_links":{"self":[{"href":"https:\/\/ciram.epagri.sc.gov.br\/index.php\/wp-json\/wp\/v2\/posts\/44373","targetHints":{"allow":["GET"]}}],"collection":[{"href":"https:\/\/ciram.epagri.sc.gov.br\/index.php\/wp-json\/wp\/v2\/posts"}],"about":[{"href":"https:\/\/ciram.epagri.sc.gov.br\/index.php\/wp-json\/wp\/v2\/types\/post"}],"author":[{"embeddable":true,"href":"https:\/\/ciram.epagri.sc.gov.br\/index.php\/wp-json\/wp\/v2\/users\/10"}],"replies":[{"embeddable":true,"href":"https:\/\/ciram.epagri.sc.gov.br\/index.php\/wp-json\/wp\/v2\/comments?post=44373"}],"version-history":[{"count":1,"href":"https:\/\/ciram.epagri.sc.gov.br\/index.php\/wp-json\/wp\/v2\/posts\/44373\/revisions"}],"predecessor-version":[{"id":44375,"href":"https:\/\/ciram.epagri.sc.gov.br\/index.php\/wp-json\/wp\/v2\/posts\/44373\/revisions\/44375"}],"wp:featuredmedia":[{"embeddable":true,"href":"https:\/\/ciram.epagri.sc.gov.br\/index.php\/wp-json\/wp\/v2\/media\/44374"}],"wp:attachment":[{"href":"https:\/\/ciram.epagri.sc.gov.br\/index.php\/wp-json\/wp\/v2\/media?parent=44373"}],"wp:term":[{"taxonomy":"category","embeddable":true,"href":"https:\/\/ciram.epagri.sc.gov.br\/index.php\/wp-json\/wp\/v2\/categories?post=44373"},{"taxonomy":"post_tag","embeddable":true,"href":"https:\/\/ciram.epagri.sc.gov.br\/index.php\/wp-json\/wp\/v2\/tags?post=44373"}],"curies":[{"name":"wp","href":"https:\/\/api.w.org\/{rel}","templated":true}]}}