{"id":44642,"date":"2025-09-10T10:43:16","date_gmt":"2025-09-10T13:43:16","guid":{"rendered":"https:\/\/ciram.epagri.sc.gov.br\/?p=44642"},"modified":"2025-09-10T11:39:28","modified_gmt":"2025-09-10T14:39:28","slug":"a-chuva-de-setembro-em-sc-e-a-previsao-de-dias-mais-secos","status":"publish","type":"post","link":"https:\/\/ciram.epagri.sc.gov.br\/index.php\/2025\/09\/10\/a-chuva-de-setembro-em-sc-e-a-previsao-de-dias-mais-secos\/","title":{"rendered":"A chuva de setembro em SC e a previs\u00e3o de dias mais secos"},"content":{"rendered":"\n<p>Setembro est\u00e1 sendo de chuva frequente e bem distribu\u00edda em Santa Catarina, com passagem marcante de frentes frias nos dias 4 e 5, 8 e 9.<\/p>\n\n\n\n<p>Os acumulados nos primeiros 10 dias do m\u00eas ficaram acima de 50mm em grande parte do estado. Valores de 80mm a 100mm ocorreram principalmente nas regi\u00f5es do Extremo Oeste ao Meio-Oeste, Planalto Sul, Alto Vale e parte serrana da Grande Florian\u00f3polis. Em Mirim Doce e Urubici, foram 140mm no per\u00edodo.<\/p>\n\n\n\n<figure class=\"wp-block-image size-large is-resized\"><img fetchpriority=\"high\" decoding=\"async\" width=\"1024\" height=\"630\" src=\"https:\/\/ciram.epagri.sc.gov.br\/wp-content\/uploads\/2025\/09\/figura-1-1024x630.jpg\" alt=\"\" class=\"wp-image-44643\" style=\"width:794px;height:auto\" srcset=\"https:\/\/ciram.epagri.sc.gov.br\/wp-content\/uploads\/2025\/09\/figura-1-1024x630.jpg 1024w, https:\/\/ciram.epagri.sc.gov.br\/wp-content\/uploads\/2025\/09\/figura-1-300x184.jpg 300w, https:\/\/ciram.epagri.sc.gov.br\/wp-content\/uploads\/2025\/09\/figura-1-768x472.jpg 768w, https:\/\/ciram.epagri.sc.gov.br\/wp-content\/uploads\/2025\/09\/figura-1.jpg 1176w\" sizes=\"(max-width: 1024px) 100vw, 1024px\" \/><\/figure>\n\n\n\n<p>Mapa de acumulados de chuva entre 1 e 10\/09\/2025 em SC (Fonte: Agroconnect \u2013 dados de esta\u00e7\u00f5es monitoradas na Epagri\/Ciram, sujeitos \u00e0 corre\u00e7\u00e3o posterior).<\/p>\n\n\n\n<h2 class=\"wp-block-heading\"><strong>Chuva acima da m\u00e9dia em setembro<\/strong><\/h2>\n\n\n\n<p>O sol predomina nos \u00faltimos dias da primeira quinzena de setembro, com o retorno da chuva na segunda metade do m\u00eas. <a><\/a>Setembro deve terminar com precipita\u00e7\u00e3o acima da m\u00e9dia em Santa Catarina. Em <strong>outubro e novembro<\/strong>, a tend\u00eancia \u00e9 de redu\u00e7\u00e3o nos volumes de chuva, principalmente no Oeste, onde h\u00e1 chance de per\u00edodos mais longos de estiagem (<strong><em>ver boletim da Previs\u00e3o Clim\u00e1tica<\/em><\/strong>).<\/p>\n\n\n\n<p>Os meteorologistas da Epagri lembram que a primavera \u00e9 uma esta\u00e7\u00e3o marcada por extremos, em qualquer um desses tr\u00eas meses, com chuvas intensas em pouco tempo, acompanhadas de raios, granizo e fortes rajadas de vento. Por isso alertam para a import\u00e2ncia de acompanhar sempre os avisos di\u00e1rios publicados pelo Ciram.<\/p>\n\n\n\n<h2 class=\"wp-block-heading\"><a><\/a><strong>O que mostram os n\u00fameros (climatologia da chuva mensal)<\/strong><\/h2>\n\n\n\n<ul class=\"wp-block-list\">\n<li>Setembro: 150 a 210 mm no Oeste; 110 a 170 mm nas demais regi\u00f5es.<\/li>\n\n\n\n<li>Outubro: m\u00eas mais chuvoso do trimestre, com 210 a 280 mm no Oeste e 140 a 180 mm nas demais \u00e1reas.<\/li>\n\n\n\n<li>Novembro: 130 a 180 mm em m\u00e9dia em todo o estado.<\/li>\n<\/ul>\n\n\n\n<p><strong>Temperatura e neutralidade clim\u00e1tica<\/strong><\/p>\n\n\n\n<p>Entre setembro e novembro, as temperaturas devem ficar dentro da m\u00e9dia hist\u00f3rica. Ainda podem ocorrer epis\u00f3dios de frio tardio no estado, inclusive com geada no Planalto Sul, como registrado na atual semana (0,6\u00b0C em Urupema no dia 10\/09). As tardes quentes, com m\u00e1ximas acima de 30\u00b0C, s\u00e3o esperadas em poucos dias consecutivos e o Oeste \u00e9 a regi\u00e3o do estado que tende a registrar dias mais quentes.<\/p>\n\n\n\n<p>A previs\u00e3o \u00e9 de neutralidade clim\u00e1tica durante o trimestre, ou seja, sem influ\u00eancia de El Ni\u00f1o ou La Ni\u00f1a. O resfriamento das \u00e1guas do Pac\u00edfico, no entanto, pode indicar a forma\u00e7\u00e3o de uma La Ni\u00f1a fraca e de curta dura\u00e7\u00e3o, entre o fim da primavera e in\u00edcio do ver\u00e3o (<strong><em>ver nota Epagri\/Ciram sobre os reflexos do resfriamento da TSM do Pac\u00edfico em SC<\/em><\/strong>).<\/p>\n\n\n\n<p><strong>Contato:<\/strong><\/p>\n\n\n\n<p><strong>Laura Rodrigues e Marilene de Lima &#8211; Meteorologistas<\/strong><\/p>\n\n\n\n<p><strong>Andr\u00e9 Luis Gomes Farias \u2013 Bolsista FAPESC\/Epagri<\/strong><\/p>\n\n\n\n<p><strong>Epagri\/Ciram\/Florian\u00f3polis &#8211; (48) 3665-500<\/strong>8<\/p>\n","protected":false},"excerpt":{"rendered":"<p>Setembro est\u00e1 sendo de chuva frequente e bem distribu\u00edda em Santa Catarina, com passagem marcante de frentes frias nos dias 4 e 5, 8 e 9. Os acumulados nos primeiros 10 dias do m\u00eas ficaram acima de 50mm em grande parte do estado. Valores de 80mm a 100mm ocorreram principalmente nas regi\u00f5es do Extremo Oeste [&hellip;]<\/p>\n","protected":false},"author":31,"featured_media":44644,"comment_status":"closed","ping_status":"closed","sticky":false,"template":"","format":"standard","meta":{"ocean_post_layout":"","ocean_both_sidebars_style":"","ocean_both_sidebars_content_width":0,"ocean_both_sidebars_sidebars_width":0,"ocean_sidebar":"","ocean_second_sidebar":"","ocean_disable_margins":"enable","ocean_add_body_class":"","ocean_shortcode_before_top_bar":"","ocean_shortcode_after_top_bar":"","ocean_shortcode_before_header":"","ocean_shortcode_after_header":"","ocean_has_shortcode":"","ocean_shortcode_after_title":"","ocean_shortcode_before_footer_widgets":"","ocean_shortcode_after_footer_widgets":"","ocean_shortcode_before_footer_bottom":"","ocean_shortcode_after_footer_bottom":"","ocean_display_top_bar":"default","ocean_display_header":"default","ocean_header_style":"","ocean_center_header_left_menu":"","ocean_custom_header_template":"","ocean_custom_logo":0,"ocean_custom_retina_logo":0,"ocean_custom_logo_max_width":0,"ocean_custom_logo_tablet_max_width":0,"ocean_custom_logo_mobile_max_width":0,"ocean_custom_logo_max_height":0,"ocean_custom_logo_tablet_max_height":0,"ocean_custom_logo_mobile_max_height":0,"ocean_header_custom_menu":"","ocean_menu_typo_font_family":"","ocean_menu_typo_font_subset":"","ocean_menu_typo_font_size":0,"ocean_menu_typo_font_size_tablet":0,"ocean_menu_typo_font_size_mobile":0,"ocean_menu_typo_font_size_unit":"px","ocean_menu_typo_font_weight":"","ocean_menu_typo_font_weight_tablet":"","ocean_menu_typo_font_weight_mobile":"","ocean_menu_typo_transform":"","ocean_menu_typo_transform_tablet":"","ocean_menu_typo_transform_mobile":"","ocean_menu_typo_line_height":0,"ocean_menu_typo_line_height_tablet":0,"ocean_menu_typo_line_height_mobile":0,"ocean_menu_typo_line_height_unit":"","ocean_menu_typo_spacing":0,"ocean_menu_typo_spacing_tablet":0,"ocean_menu_typo_spacing_mobile":0,"ocean_menu_typo_spacing_unit":"","ocean_menu_link_color":"","ocean_menu_link_color_hover":"","ocean_menu_link_color_active":"","ocean_menu_link_background":"","ocean_menu_link_hover_background":"","ocean_menu_link_active_background":"","ocean_menu_social_links_bg":"","ocean_menu_social_hover_links_bg":"","ocean_menu_social_links_color":"","ocean_menu_social_hover_links_color":"","ocean_disable_title":"default","ocean_disable_heading":"default","ocean_post_title":"","ocean_post_subheading":"","ocean_post_title_style":"","ocean_post_title_background_color":"","ocean_post_title_background":0,"ocean_post_title_bg_image_position":"","ocean_post_title_bg_image_attachment":"","ocean_post_title_bg_image_repeat":"","ocean_post_title_bg_image_size":"","ocean_post_title_height":0,"ocean_post_title_bg_overlay":0.5,"ocean_post_title_bg_overlay_color":"","ocean_disable_breadcrumbs":"default","ocean_breadcrumbs_color":"","ocean_breadcrumbs_separator_color":"","ocean_breadcrumbs_links_color":"","ocean_breadcrumbs_links_hover_color":"","ocean_display_footer_widgets":"default","ocean_display_footer_bottom":"default","ocean_custom_footer_template":"","ocean_post_oembed":"","ocean_post_self_hosted_media":"","ocean_post_video_embed":"","ocean_link_format":"","ocean_link_format_target":"self","ocean_quote_format":"","ocean_quote_format_link":"post","ocean_gallery_link_images":"on","ocean_gallery_id":[],"footnotes":""},"categories":[6],"tags":[],"class_list":["post-44642","post","type-post","status-publish","format-standard","has-post-thumbnail","hentry","category-notas-meteorologicas","entry","has-media"],"_links":{"self":[{"href":"https:\/\/ciram.epagri.sc.gov.br\/index.php\/wp-json\/wp\/v2\/posts\/44642","targetHints":{"allow":["GET"]}}],"collection":[{"href":"https:\/\/ciram.epagri.sc.gov.br\/index.php\/wp-json\/wp\/v2\/posts"}],"about":[{"href":"https:\/\/ciram.epagri.sc.gov.br\/index.php\/wp-json\/wp\/v2\/types\/post"}],"author":[{"embeddable":true,"href":"https:\/\/ciram.epagri.sc.gov.br\/index.php\/wp-json\/wp\/v2\/users\/31"}],"replies":[{"embeddable":true,"href":"https:\/\/ciram.epagri.sc.gov.br\/index.php\/wp-json\/wp\/v2\/comments?post=44642"}],"version-history":[{"count":2,"href":"https:\/\/ciram.epagri.sc.gov.br\/index.php\/wp-json\/wp\/v2\/posts\/44642\/revisions"}],"predecessor-version":[{"id":44649,"href":"https:\/\/ciram.epagri.sc.gov.br\/index.php\/wp-json\/wp\/v2\/posts\/44642\/revisions\/44649"}],"wp:featuredmedia":[{"embeddable":true,"href":"https:\/\/ciram.epagri.sc.gov.br\/index.php\/wp-json\/wp\/v2\/media\/44644"}],"wp:attachment":[{"href":"https:\/\/ciram.epagri.sc.gov.br\/index.php\/wp-json\/wp\/v2\/media?parent=44642"}],"wp:term":[{"taxonomy":"category","embeddable":true,"href":"https:\/\/ciram.epagri.sc.gov.br\/index.php\/wp-json\/wp\/v2\/categories?post=44642"},{"taxonomy":"post_tag","embeddable":true,"href":"https:\/\/ciram.epagri.sc.gov.br\/index.php\/wp-json\/wp\/v2\/tags?post=44642"}],"curies":[{"name":"wp","href":"https:\/\/api.w.org\/{rel}","templated":true}]}}