{"id":44815,"date":"2025-09-22T09:47:07","date_gmt":"2025-09-22T12:47:07","guid":{"rendered":"https:\/\/ciram.epagri.sc.gov.br\/?p=44815"},"modified":"2025-09-22T09:47:07","modified_gmt":"2025-09-22T12:47:07","slug":"primavera-2025-traz-dias-mais-longos-e-elevacao-de-temperatura","status":"publish","type":"post","link":"https:\/\/ciram.epagri.sc.gov.br\/index.php\/2025\/09\/22\/primavera-2025-traz-dias-mais-longos-e-elevacao-de-temperatura\/","title":{"rendered":"Primavera 2025 traz dias mais longos e eleva\u00e7\u00e3o de temperatura"},"content":{"rendered":"\n<p><\/p>\n\n\n\n<p>A primavera come\u00e7a oficialmente, pelo calend\u00e1rio astron\u00f4mico, na pr\u00f3xima segunda-feira, dia 22 de setembro \u00e0s 15h19, quando ocorre o equin\u00f3cio de Primavera no Hemisf\u00e9rio Sul, com o dia e a noite tendo a mesma dura\u00e7\u00e3o de horas, pois os dois hemisf\u00e9rios da Terra encontram-se igualmente&nbsp;iluminados pelo sol. Depois disso, os dias come\u00e7am a ser mais longos do que as noites.<\/p>\n\n\n\n<p>Neste ano de 2025, a previs\u00e3o para a primavera \u00e9 de <strong>temperatura pr\u00f3xima \u00e0 m\u00e9dia climatol\u00f3gica<\/strong> em SC. No in\u00edcio da esta\u00e7\u00e3o ainda podem ocorrer epis\u00f3dios de frio, com temperatura pr\u00f3xima de 0\u00b0C e forma\u00e7\u00e3o de geada, principalmente nas \u00e1reas altas do Planalto Sul. Mas o mais esperado \u00e9 a eleva\u00e7\u00e3o da temperatura nos meses seguintes, com dias consecutivos de registros de temperatura m\u00e1xima de 30\u00b0C.<\/p>\n\n\n\n<p>Em rela\u00e7\u00e3o \u00e0 precipita\u00e7\u00e3o, em setembro a previs\u00e3o \u00e9 de&nbsp;<strong>chuva mais frequente e acima da m\u00e9dia climatol\u00f3gica&nbsp;<\/strong>em SC. Nos meses de outubro e novembro as&nbsp;<strong>chuvas diminuem<\/strong>&nbsp;no estado, especialmente no oeste, onde podem ocorrer per\u00edodos mais prolongados sem chuva. Destaca-se&nbsp;que durante a esta\u00e7\u00e3o aumenta a possibilidade de eventos de chuva forte, com totais elevados em curto intervalo de tempo, temporais com forte atividade el\u00e9trica (raios), granizo e ventania. Recomenda-se, assim, o acompanhamento de avisos meteorol\u00f3gicos no site e redes sociais da Epagri\/Ciram.<\/p>\n\n\n\n<p><strong>E a La Ni\u00f1a, vai ocorrer nestes \u00faltimos meses do ano?<\/strong><\/p>\n\n\n\n<p>A previs\u00e3o \u00e9 de&nbsp;<strong>Neutralidade<\/strong>&nbsp;clim\u00e1tica, ou seja, sem influ\u00eancia do fen\u00f4meno La Ni\u00f1a ou El Ni\u00f1o, por\u00e9m o indicativo \u00e9 de&nbsp;<strong>resfriamento<\/strong>, com efeitos que podem ser sentidos na primavera, como a redu\u00e7\u00e3o da chuva por exemplo.<\/p>\n\n\n\n<p>Alguns modelos clim\u00e1ticos indicam que no fim da primavera e parte do ver\u00e3o o resfriamento nas \u00e1guas do Pac\u00edfico Equatorial tende a acentuar-se, sendo acompanhado pelos meteorologistas a possibilidade de sinais do fen\u00f4meno&nbsp;<strong>La Ni\u00f1a de intensidade fraca<\/strong>&nbsp;durante um per\u00edodo curto (2 ou 3 meses).<\/p>\n\n\n\n<p><strong>Inverno de 2025: o que faltou e o que sobrou?<\/strong><\/p>\n\n\n\n<p>No inverno de 2025, junho foi marcado por chuva mais frequente e intensa, e com totais acima da m\u00e9dia climatol\u00f3gica em boa parte do estado, com ocorr\u00eancia de tempestade severa, com 6 tornados confirmados pela Defesa Civil em dois dias (22 e 23\/06), frentes de rajadas e microexplos\u00f5es. Nos meses de julho a setembro a chuva diminuiu em SC, ficando mal distribu\u00edda e com totais abaixo da m\u00e9dia climatol\u00f3gica.<\/p>\n\n\n\n<p>Em rela\u00e7\u00e3o \u00e0 temperatura, as massas de ar frio chegaram com frequ\u00eancia a partir do fim de junho, com epis\u00f3dios de frio frequentes, entre 1 e 5 dias em m\u00e9dia, e geada mais concentrada nas \u00e1reas altas do Extremo Oeste aos Planaltos, especialmente no Planalto Sul. &nbsp;A temperatura mais baixa deste inverno, de -8,2\u00b0C (negativos), foi registrada em Urupema, no dia 24\/06, e a mais alta do inverno, at\u00e9 o momento, foi 35,8\u00b0C em Jaragu\u00e1 do Sul, no dia 23\/08. A neve e a chuva congelada, que sempre marcam presen\u00e7a no inverno catarinense, neste ano ocorreram em 3 eventos, o primeiro no dia 28\/06, segundo dia 01\/07 e terceiro no dia 09\/08 nas \u00e1reas altas do Planalto Sul (Lages, Bom Jardim da Serra, S\u00e3o Joaquim, Urupema e Urubici).<\/p>\n\n\n\n<p><strong>O inverno de 2025 foi mais frio ou mais quente em rela\u00e7\u00e3o ao ano de 2024?<\/strong><\/p>\n\n\n\n<p>O inverno de 2025 foi mais frio em rela\u00e7\u00e3o a 2024, com frio mais persistente e sem intercalar com temperaturas mais elevadas, como registrado no ano anterior. Vale salientar que a esta\u00e7\u00e3o n\u00e3o foi de frio rigoroso, mas as temperaturas ficaram sim abaixo da m\u00e9dia climatol\u00f3gica, em torno de 0,5\u00b0C a 1,5\u00b0C. <strong><\/strong><\/p>\n\n\n\n<p><strong>Gils\u00e2nia Cruz e Marilene de Lima \u2013 Meteorologistas<\/strong><\/p>\n\n\n\n<p><strong>Epagri\/Ciram<\/strong><\/p>\n","protected":false},"excerpt":{"rendered":"<p>A primavera come\u00e7a oficialmente, pelo calend\u00e1rio astron\u00f4mico, na pr\u00f3xima segunda-feira, dia 22 de setembro \u00e0s 15h19, quando ocorre o equin\u00f3cio de Primavera no Hemisf\u00e9rio Sul, com o dia e a noite tendo a mesma dura\u00e7\u00e3o de horas, pois os dois hemisf\u00e9rios da Terra encontram-se igualmente&nbsp;iluminados pelo sol. Depois disso, os dias come\u00e7am a ser mais [&hellip;]<\/p>\n","protected":false},"author":31,"featured_media":44816,"comment_status":"closed","ping_status":"closed","sticky":false,"template":"","format":"standard","meta":{"ocean_post_layout":"","ocean_both_sidebars_style":"","ocean_both_sidebars_content_width":0,"ocean_both_sidebars_sidebars_width":0,"ocean_sidebar":"","ocean_second_sidebar":"","ocean_disable_margins":"enable","ocean_add_body_class":"","ocean_shortcode_before_top_bar":"","ocean_shortcode_after_top_bar":"","ocean_shortcode_before_header":"","ocean_shortcode_after_header":"","ocean_has_shortcode":"","ocean_shortcode_after_title":"","ocean_shortcode_before_footer_widgets":"","ocean_shortcode_after_footer_widgets":"","ocean_shortcode_before_footer_bottom":"","ocean_shortcode_after_footer_bottom":"","ocean_display_top_bar":"default","ocean_display_header":"default","ocean_header_style":"","ocean_center_header_left_menu":"","ocean_custom_header_template":"","ocean_custom_logo":0,"ocean_custom_retina_logo":0,"ocean_custom_logo_max_width":0,"ocean_custom_logo_tablet_max_width":0,"ocean_custom_logo_mobile_max_width":0,"ocean_custom_logo_max_height":0,"ocean_custom_logo_tablet_max_height":0,"ocean_custom_logo_mobile_max_height":0,"ocean_header_custom_menu":"","ocean_menu_typo_font_family":"","ocean_menu_typo_font_subset":"","ocean_menu_typo_font_size":0,"ocean_menu_typo_font_size_tablet":0,"ocean_menu_typo_font_size_mobile":0,"ocean_menu_typo_font_size_unit":"px","ocean_menu_typo_font_weight":"","ocean_menu_typo_font_weight_tablet":"","ocean_menu_typo_font_weight_mobile":"","ocean_menu_typo_transform":"","ocean_menu_typo_transform_tablet":"","ocean_menu_typo_transform_mobile":"","ocean_menu_typo_line_height":0,"ocean_menu_typo_line_height_tablet":0,"ocean_menu_typo_line_height_mobile":0,"ocean_menu_typo_line_height_unit":"","ocean_menu_typo_spacing":0,"ocean_menu_typo_spacing_tablet":0,"ocean_menu_typo_spacing_mobile":0,"ocean_menu_typo_spacing_unit":"","ocean_menu_link_color":"","ocean_menu_link_color_hover":"","ocean_menu_link_color_active":"","ocean_menu_link_background":"","ocean_menu_link_hover_background":"","ocean_menu_link_active_background":"","ocean_menu_social_links_bg":"","ocean_menu_social_hover_links_bg":"","ocean_menu_social_links_color":"","ocean_menu_social_hover_links_color":"","ocean_disable_title":"default","ocean_disable_heading":"default","ocean_post_title":"","ocean_post_subheading":"","ocean_post_title_style":"","ocean_post_title_background_color":"","ocean_post_title_background":0,"ocean_post_title_bg_image_position":"","ocean_post_title_bg_image_attachment":"","ocean_post_title_bg_image_repeat":"","ocean_post_title_bg_image_size":"","ocean_post_title_height":0,"ocean_post_title_bg_overlay":0.5,"ocean_post_title_bg_overlay_color":"","ocean_disable_breadcrumbs":"default","ocean_breadcrumbs_color":"","ocean_breadcrumbs_separator_color":"","ocean_breadcrumbs_links_color":"","ocean_breadcrumbs_links_hover_color":"","ocean_display_footer_widgets":"default","ocean_display_footer_bottom":"default","ocean_custom_footer_template":"","ocean_post_oembed":"","ocean_post_self_hosted_media":"","ocean_post_video_embed":"","ocean_link_format":"","ocean_link_format_target":"self","ocean_quote_format":"","ocean_quote_format_link":"post","ocean_gallery_link_images":"on","ocean_gallery_id":[],"footnotes":""},"categories":[6],"tags":[],"class_list":["post-44815","post","type-post","status-publish","format-standard","has-post-thumbnail","hentry","category-notas-meteorologicas","entry","has-media"],"_links":{"self":[{"href":"https:\/\/ciram.epagri.sc.gov.br\/index.php\/wp-json\/wp\/v2\/posts\/44815","targetHints":{"allow":["GET"]}}],"collection":[{"href":"https:\/\/ciram.epagri.sc.gov.br\/index.php\/wp-json\/wp\/v2\/posts"}],"about":[{"href":"https:\/\/ciram.epagri.sc.gov.br\/index.php\/wp-json\/wp\/v2\/types\/post"}],"author":[{"embeddable":true,"href":"https:\/\/ciram.epagri.sc.gov.br\/index.php\/wp-json\/wp\/v2\/users\/31"}],"replies":[{"embeddable":true,"href":"https:\/\/ciram.epagri.sc.gov.br\/index.php\/wp-json\/wp\/v2\/comments?post=44815"}],"version-history":[{"count":1,"href":"https:\/\/ciram.epagri.sc.gov.br\/index.php\/wp-json\/wp\/v2\/posts\/44815\/revisions"}],"predecessor-version":[{"id":44817,"href":"https:\/\/ciram.epagri.sc.gov.br\/index.php\/wp-json\/wp\/v2\/posts\/44815\/revisions\/44817"}],"wp:featuredmedia":[{"embeddable":true,"href":"https:\/\/ciram.epagri.sc.gov.br\/index.php\/wp-json\/wp\/v2\/media\/44816"}],"wp:attachment":[{"href":"https:\/\/ciram.epagri.sc.gov.br\/index.php\/wp-json\/wp\/v2\/media?parent=44815"}],"wp:term":[{"taxonomy":"category","embeddable":true,"href":"https:\/\/ciram.epagri.sc.gov.br\/index.php\/wp-json\/wp\/v2\/categories?post=44815"},{"taxonomy":"post_tag","embeddable":true,"href":"https:\/\/ciram.epagri.sc.gov.br\/index.php\/wp-json\/wp\/v2\/tags?post=44815"}],"curies":[{"name":"wp","href":"https:\/\/api.w.org\/{rel}","templated":true}]}}