{"id":45387,"date":"2025-10-19T11:29:36","date_gmt":"2025-10-19T14:29:36","guid":{"rendered":"https:\/\/ciram.epagri.sc.gov.br\/?p=45387"},"modified":"2025-10-19T11:29:36","modified_gmt":"2025-10-19T14:29:36","slug":"vento-de-80-km-h-na-grande-florianopolis-e-litoral","status":"publish","type":"post","link":"https:\/\/ciram.epagri.sc.gov.br\/index.php\/2025\/10\/19\/vento-de-80-km-h-na-grande-florianopolis-e-litoral\/","title":{"rendered":"Vento de 80 km\/h na Grande Florian\u00f3polis e Litoral"},"content":{"rendered":"\n<p><a><\/a>Fortes rajadas de vento atingiram o leste de Santa Catarina, durante o \u00faltimo s\u00e1bado (18\/10), devido ao intenso gradiente de press\u00e3o formado entre uma frente fria, em deslocamento por Santa Catarina, e um sistema de alta press\u00e3o na sua retaguarda.<\/p>\n\n\n\n<p>Destacaram-se as rajadas entre 70 km\/h e 80 km\/h registradas em Florian\u00f3polis, Rancho Queimado e Balne\u00e1rio Barra do Sul. Conforme a Rede de Dados da Epagri\/Ciram, o registro em Florian\u00f3polis foi de 71,9 km\/h, na esta\u00e7\u00e3o da Casan da Lagoa do Peri, e de 58,7 km\/h na esta\u00e7\u00e3o do Itacorubi. No Aeroporto de Florian\u00f3polis, as rajadas de vento chegaram a 83 km\/h no per\u00edodo da tarde. Confira as informa\u00e7\u00f5es da Rede de Monitoramento da Epagri\/Ciram: <a href=\"https:\/\/ciram.epagri.sc.gov.br\/agroconnect\/\">EPAGRI\/CIRAM &#8211; AGROCONNECT<\/a><\/p>\n\n\n\n<p>No decorrer deste domingo (19\/10), o vento perde for\u00e7a e uma massa de ar mais frio e seco passa a predominar no estado, favorecendo temperatura mais baixa. Veja a <a href=\"https:\/\/ciram.epagri.sc.gov.br\/index.php\/2025\/09\/22\/previsao-5-dias\/\">previs\u00e3o para a semana<\/a>!<\/p>\n\n\n\n<p><strong>Laura Rodrigues \u2013 Meteorologista Epagri\/Ciram<\/strong><\/p>\n\n\n\n<figure class=\"wp-block-image size-large\"><img fetchpriority=\"high\" decoding=\"async\" width=\"1024\" height=\"1024\" src=\"https:\/\/ciram.epagri.sc.gov.br\/wp-content\/uploads\/2025\/10\/Copia-de-Maiores-temperaturas-5-1024x1024.jpg\" alt=\"\" class=\"wp-image-45390\" srcset=\"https:\/\/ciram.epagri.sc.gov.br\/wp-content\/uploads\/2025\/10\/Copia-de-Maiores-temperaturas-5-1024x1024.jpg 1024w, https:\/\/ciram.epagri.sc.gov.br\/wp-content\/uploads\/2025\/10\/Copia-de-Maiores-temperaturas-5-300x300.jpg 300w, https:\/\/ciram.epagri.sc.gov.br\/wp-content\/uploads\/2025\/10\/Copia-de-Maiores-temperaturas-5-150x150.jpg 150w, https:\/\/ciram.epagri.sc.gov.br\/wp-content\/uploads\/2025\/10\/Copia-de-Maiores-temperaturas-5-768x768.jpg 768w, https:\/\/ciram.epagri.sc.gov.br\/wp-content\/uploads\/2025\/10\/Copia-de-Maiores-temperaturas-5-600x600.jpg 600w, https:\/\/ciram.epagri.sc.gov.br\/wp-content\/uploads\/2025\/10\/Copia-de-Maiores-temperaturas-5.jpg 1080w\" sizes=\"(max-width: 1024px) 100vw, 1024px\" \/><figcaption class=\"wp-element-caption\">Maiores rajadas de vento registradas em SC (Rede de Monitoramento Epagri\/Ciram), entre 10h do dia 18 e 9h do dia 19\/10\/2025.<\/figcaption><\/figure>\n","protected":false},"excerpt":{"rendered":"<p>Fortes rajadas de vento atingiram o leste de Santa Catarina, durante o \u00faltimo s\u00e1bado (18\/10), devido ao intenso gradiente de press\u00e3o formado entre uma frente fria, em deslocamento por Santa Catarina, e um sistema de alta press\u00e3o na sua retaguarda. Destacaram-se as rajadas entre 70 km\/h e 80 km\/h registradas em Florian\u00f3polis, Rancho Queimado e [&hellip;]<\/p>\n","protected":false},"author":9,"featured_media":45388,"comment_status":"closed","ping_status":"closed","sticky":false,"template":"","format":"standard","meta":{"ocean_post_layout":"","ocean_both_sidebars_style":"","ocean_both_sidebars_content_width":0,"ocean_both_sidebars_sidebars_width":0,"ocean_sidebar":"","ocean_second_sidebar":"","ocean_disable_margins":"enable","ocean_add_body_class":"","ocean_shortcode_before_top_bar":"","ocean_shortcode_after_top_bar":"","ocean_shortcode_before_header":"","ocean_shortcode_after_header":"","ocean_has_shortcode":"","ocean_shortcode_after_title":"","ocean_shortcode_before_footer_widgets":"","ocean_shortcode_after_footer_widgets":"","ocean_shortcode_before_footer_bottom":"","ocean_shortcode_after_footer_bottom":"","ocean_display_top_bar":"default","ocean_display_header":"default","ocean_header_style":"","ocean_center_header_left_menu":"","ocean_custom_header_template":"","ocean_custom_logo":0,"ocean_custom_retina_logo":0,"ocean_custom_logo_max_width":0,"ocean_custom_logo_tablet_max_width":0,"ocean_custom_logo_mobile_max_width":0,"ocean_custom_logo_max_height":0,"ocean_custom_logo_tablet_max_height":0,"ocean_custom_logo_mobile_max_height":0,"ocean_header_custom_menu":"","ocean_menu_typo_font_family":"","ocean_menu_typo_font_subset":"","ocean_menu_typo_font_size":0,"ocean_menu_typo_font_size_tablet":0,"ocean_menu_typo_font_size_mobile":0,"ocean_menu_typo_font_size_unit":"px","ocean_menu_typo_font_weight":"","ocean_menu_typo_font_weight_tablet":"","ocean_menu_typo_font_weight_mobile":"","ocean_menu_typo_transform":"","ocean_menu_typo_transform_tablet":"","ocean_menu_typo_transform_mobile":"","ocean_menu_typo_line_height":0,"ocean_menu_typo_line_height_tablet":0,"ocean_menu_typo_line_height_mobile":0,"ocean_menu_typo_line_height_unit":"","ocean_menu_typo_spacing":0,"ocean_menu_typo_spacing_tablet":0,"ocean_menu_typo_spacing_mobile":0,"ocean_menu_typo_spacing_unit":"","ocean_menu_link_color":"","ocean_menu_link_color_hover":"","ocean_menu_link_color_active":"","ocean_menu_link_background":"","ocean_menu_link_hover_background":"","ocean_menu_link_active_background":"","ocean_menu_social_links_bg":"","ocean_menu_social_hover_links_bg":"","ocean_menu_social_links_color":"","ocean_menu_social_hover_links_color":"","ocean_disable_title":"default","ocean_disable_heading":"default","ocean_post_title":"","ocean_post_subheading":"","ocean_post_title_style":"","ocean_post_title_background_color":"","ocean_post_title_background":0,"ocean_post_title_bg_image_position":"","ocean_post_title_bg_image_attachment":"","ocean_post_title_bg_image_repeat":"","ocean_post_title_bg_image_size":"","ocean_post_title_height":0,"ocean_post_title_bg_overlay":0.5,"ocean_post_title_bg_overlay_color":"","ocean_disable_breadcrumbs":"default","ocean_breadcrumbs_color":"","ocean_breadcrumbs_separator_color":"","ocean_breadcrumbs_links_color":"","ocean_breadcrumbs_links_hover_color":"","ocean_display_footer_widgets":"default","ocean_display_footer_bottom":"default","ocean_custom_footer_template":"","ocean_post_oembed":"","ocean_post_self_hosted_media":"","ocean_post_video_embed":"","ocean_link_format":"","ocean_link_format_target":"self","ocean_quote_format":"","ocean_quote_format_link":"post","ocean_gallery_link_images":"on","ocean_gallery_id":[],"footnotes":""},"categories":[6],"tags":[],"class_list":["post-45387","post","type-post","status-publish","format-standard","has-post-thumbnail","hentry","category-notas-meteorologicas","entry","has-media"],"_links":{"self":[{"href":"https:\/\/ciram.epagri.sc.gov.br\/index.php\/wp-json\/wp\/v2\/posts\/45387","targetHints":{"allow":["GET"]}}],"collection":[{"href":"https:\/\/ciram.epagri.sc.gov.br\/index.php\/wp-json\/wp\/v2\/posts"}],"about":[{"href":"https:\/\/ciram.epagri.sc.gov.br\/index.php\/wp-json\/wp\/v2\/types\/post"}],"author":[{"embeddable":true,"href":"https:\/\/ciram.epagri.sc.gov.br\/index.php\/wp-json\/wp\/v2\/users\/9"}],"replies":[{"embeddable":true,"href":"https:\/\/ciram.epagri.sc.gov.br\/index.php\/wp-json\/wp\/v2\/comments?post=45387"}],"version-history":[{"count":1,"href":"https:\/\/ciram.epagri.sc.gov.br\/index.php\/wp-json\/wp\/v2\/posts\/45387\/revisions"}],"predecessor-version":[{"id":45391,"href":"https:\/\/ciram.epagri.sc.gov.br\/index.php\/wp-json\/wp\/v2\/posts\/45387\/revisions\/45391"}],"wp:featuredmedia":[{"embeddable":true,"href":"https:\/\/ciram.epagri.sc.gov.br\/index.php\/wp-json\/wp\/v2\/media\/45388"}],"wp:attachment":[{"href":"https:\/\/ciram.epagri.sc.gov.br\/index.php\/wp-json\/wp\/v2\/media?parent=45387"}],"wp:term":[{"taxonomy":"category","embeddable":true,"href":"https:\/\/ciram.epagri.sc.gov.br\/index.php\/wp-json\/wp\/v2\/categories?post=45387"},{"taxonomy":"post_tag","embeddable":true,"href":"https:\/\/ciram.epagri.sc.gov.br\/index.php\/wp-json\/wp\/v2\/tags?post=45387"}],"curies":[{"name":"wp","href":"https:\/\/api.w.org\/{rel}","templated":true}]}}