{"id":48290,"date":"2026-04-07T10:10:28","date_gmt":"2026-04-07T13:10:28","guid":{"rendered":"https:\/\/ciram.epagri.sc.gov.br\/?p=48290"},"modified":"2026-04-07T13:58:55","modified_gmt":"2026-04-07T16:58:55","slug":"chuva-de-mais-de-100-mm-na-grande-florianopolis-parte-do-vale-do-itajai-e-litoral-norte","status":"publish","type":"post","link":"https:\/\/ciram.epagri.sc.gov.br\/index.php\/2026\/04\/07\/chuva-de-mais-de-100-mm-na-grande-florianopolis-parte-do-vale-do-itajai-e-litoral-norte\/","title":{"rendered":"Chuva de mais de 100 mm na Grande Florian\u00f3polis, parte do Vale do Itaja\u00ed e Litoral Norte"},"content":{"rendered":"\n<p>A chuva registrada em SC, com totais acima de 50 mm (Tabela 1) desde o fim de semana, inicialmente pelo processo convectivo associado ao aquecimento da tarde no s\u00e1bado, depois no domingo devido a passagem de uma frente fria e especialmente entre a madrugada de segunda e o in\u00edcio desta ter\u00e7a-feira, onde os totais superaram os 100 mm nas regi\u00f5es da Grande Florian\u00f3polis, parte do Vale do Itaja\u00ed e Litoral Norte, com destaque para Balne\u00e1rio Cambori\u00fa com 161 mm, onde o esperado para o m\u00eas inteiro \u00e9 100 mm (m\u00e9dia climatol\u00f3gica), devido a intensa circula\u00e7\u00e3o mar\u00edtima que atingiu essas regi\u00f5es (Figura 1). Essa chuva causou alagamentos e enxurradas, provocando muitos estragos e transtornos.<\/p>\n\n\n\n<p>No decorrer desta ter\u00e7a-feira (07\/04) volta a ocorrer temporais isolados com chuva intensa e ventos fortes em SC, devido ao avan\u00e7o de uma frente fria, veja os detalhes no <a href=\"https:\/\/ciram.epagri.sc.gov.br\/index.php\/2026\/04\/07\/terca-feira-com-temporais-e-ventos-fortes-em-sc\/\">Aviso Meteorol\u00f3gico<\/a>.&nbsp;<\/p>\n\n\n\n<p><strong><mark style=\"background-color:rgba(0, 0, 0, 0)\" class=\"has-inline-color has-vivid-cyan-blue-color\">Gils\u00e2nia Cruz e Marcelo Martins &#8211; Meteorologistas (Epagri\/Ciram)<\/mark><\/strong><\/p>\n\n\n\n<figure class=\"wp-block-image size-large\"><img fetchpriority=\"high\" decoding=\"async\" width=\"1024\" height=\"1024\" src=\"https:\/\/ciram.epagri.sc.gov.br\/wp-content\/uploads\/2026\/03\/gdg-1024x1024.png\" alt=\"\" class=\"wp-image-48411\" srcset=\"https:\/\/ciram.epagri.sc.gov.br\/wp-content\/uploads\/2026\/03\/gdg-1024x1024.png 1024w, https:\/\/ciram.epagri.sc.gov.br\/wp-content\/uploads\/2026\/03\/gdg-300x300.png 300w, https:\/\/ciram.epagri.sc.gov.br\/wp-content\/uploads\/2026\/03\/gdg-150x150.png 150w, https:\/\/ciram.epagri.sc.gov.br\/wp-content\/uploads\/2026\/03\/gdg-768x768.png 768w, https:\/\/ciram.epagri.sc.gov.br\/wp-content\/uploads\/2026\/03\/gdg-600x600.png 600w, https:\/\/ciram.epagri.sc.gov.br\/wp-content\/uploads\/2026\/03\/gdg.png 1080w\" sizes=\"(max-width: 1024px) 100vw, 1024px\" \/><\/figure>\n\n\n\n<p>Figura 1- Maiores totais de chuva em SC das 9h do dia 04\/04 \u00e0s 8h do dia 07\/04\/2026 .<\/p>\n\n\n\n<p>Tabela 1- Maiores totais de chuva em SC das 9h do dia 04\/04 \u00e0s 8h do dia 07\/04\/2026\u00a0 acima de 50mm.<\/p>\n\n\n\n<figure class=\"wp-block-table\"><table class=\"has-fixed-layout\"><tbody><tr><td><strong>Regi\u00e3o<\/strong><\/td><td><strong>Munic\u00edpio<\/strong><\/td><td><strong>Precip. Total (mm) &#8211; 04\/04\/2026 09:00:00 \u00e0 07\/04\/2026 08:00:00<\/strong><\/td><\/tr><tr><td>Litoral Norte<\/td><td>Balne\u00e1rio Cambori\u00fa<\/td><td>161,20<\/td><\/tr><tr><td>Litoral Norte<\/td><td>Luiz Alves<\/td><td>148,80<\/td><\/tr><tr><td>Litoral Norte<\/td><td>Itaja\u00ed<\/td><td>133,20<\/td><\/tr><tr><td>Litoral Norte<\/td><td>Cambori\u00fa<\/td><td>118,60<\/td><\/tr><tr><td>Litoral Norte<\/td><td>Itapo\u00e1<\/td><td>105,00<\/td><\/tr><tr><td>Litoral Norte<\/td><td>Ilhota<\/td><td>104,60<\/td><\/tr><tr><td>Litoral Norte<\/td><td>Schroeder<\/td><td>100,00<\/td><\/tr><tr><td>Litoral Norte<\/td><td>Balne\u00e1rio Barra do Sul<\/td><td>84,60<\/td><\/tr><tr><td>Litoral Norte<\/td><td>Joinville<\/td><td>82,60<\/td><\/tr><tr><td>Litoral Norte<\/td><td>S\u00e3o Jo\u00e3o do Itaperi\u00fa<\/td><td>81,60<\/td><\/tr><tr><td>Litoral Norte<\/td><td>Garuva<\/td><td>73,00<\/td><\/tr><tr><td>Fpolis Litor\u00e2nea<\/td><td>\u00c1guas Mornas<\/td><td>146,80<\/td><\/tr><tr><td>Fpolis Litor\u00e2nea<\/td><td>Bigua\u00e7u<\/td><td>136,00<\/td><\/tr><tr><td>Fpolis Litor\u00e2nea<\/td><td>S\u00e3o Jo\u00e3o Batista<\/td><td>126,20<\/td><\/tr><tr><td>Fpolis Litor\u00e2nea<\/td><td>Ant\u00f4nio Carlos<\/td><td>120,40<\/td><\/tr><tr><td>Fpolis Litor\u00e2nea<\/td><td>Florian\u00f3polis<\/td><td>107,40<\/td><\/tr><tr><td>Fpolis Litor\u00e2nea<\/td><td>Tijucas<\/td><td>100,58<\/td><\/tr><tr><td>Fpolis Litor\u00e2nea<\/td><td>Palho\u00e7a<\/td><td>92,00<\/td><\/tr><tr><td>Fpolis Litor\u00e2nea<\/td><td>Santo Amaro da Imperatriz<\/td><td>89,80<\/td><\/tr><tr><td>Fpolis Litor\u00e2nea<\/td><td>Nova Trento<\/td><td>66,01<\/td><\/tr><tr><td>Fpolis Serrana<\/td><td>Major Gercino<\/td><td>79,20<\/td><\/tr><tr><td>Fpolis Serrana<\/td><td>Rancho Queimado<\/td><td>54,84<\/td><\/tr><tr><td>Litoral Sul<\/td><td>Praia Grande<\/td><td>65,80<\/td><\/tr><tr><td>Vale do Itaja\u00ed<\/td><td>Tai\u00f3<\/td><td>62,40<\/td><\/tr><\/tbody><\/table><\/figure>\n","protected":false},"excerpt":{"rendered":"<p>A chuva registrada em SC, com totais acima de 50 mm (Tabela 1) desde o fim de semana, inicialmente pelo processo convectivo associado ao aquecimento da tarde no s\u00e1bado, depois no domingo devido a passagem de uma frente fria e especialmente entre a madrugada de segunda e o in\u00edcio desta ter\u00e7a-feira, onde os totais superaram [&hellip;]<\/p>\n","protected":false},"author":17,"featured_media":48414,"comment_status":"closed","ping_status":"closed","sticky":false,"template":"","format":"standard","meta":{"ocean_post_layout":"","ocean_both_sidebars_style":"","ocean_both_sidebars_content_width":0,"ocean_both_sidebars_sidebars_width":0,"ocean_sidebar":"","ocean_second_sidebar":"","ocean_disable_margins":"enable","ocean_add_body_class":"","ocean_shortcode_before_top_bar":"","ocean_shortcode_after_top_bar":"","ocean_shortcode_before_header":"","ocean_shortcode_after_header":"","ocean_has_shortcode":"","ocean_shortcode_after_title":"","ocean_shortcode_before_footer_widgets":"","ocean_shortcode_after_footer_widgets":"","ocean_shortcode_before_footer_bottom":"","ocean_shortcode_after_footer_bottom":"","ocean_display_top_bar":"default","ocean_display_header":"default","ocean_header_style":"","ocean_center_header_left_menu":"","ocean_custom_header_template":"","ocean_custom_logo":0,"ocean_custom_retina_logo":0,"ocean_custom_logo_max_width":0,"ocean_custom_logo_tablet_max_width":0,"ocean_custom_logo_mobile_max_width":0,"ocean_custom_logo_max_height":0,"ocean_custom_logo_tablet_max_height":0,"ocean_custom_logo_mobile_max_height":0,"ocean_header_custom_menu":"","ocean_menu_typo_font_family":"","ocean_menu_typo_font_subset":"","ocean_menu_typo_font_size":0,"ocean_menu_typo_font_size_tablet":0,"ocean_menu_typo_font_size_mobile":0,"ocean_menu_typo_font_size_unit":"px","ocean_menu_typo_font_weight":"","ocean_menu_typo_font_weight_tablet":"","ocean_menu_typo_font_weight_mobile":"","ocean_menu_typo_transform":"","ocean_menu_typo_transform_tablet":"","ocean_menu_typo_transform_mobile":"","ocean_menu_typo_line_height":0,"ocean_menu_typo_line_height_tablet":0,"ocean_menu_typo_line_height_mobile":0,"ocean_menu_typo_line_height_unit":"","ocean_menu_typo_spacing":0,"ocean_menu_typo_spacing_tablet":0,"ocean_menu_typo_spacing_mobile":0,"ocean_menu_typo_spacing_unit":"","ocean_menu_link_color":"","ocean_menu_link_color_hover":"","ocean_menu_link_color_active":"","ocean_menu_link_background":"","ocean_menu_link_hover_background":"","ocean_menu_link_active_background":"","ocean_menu_social_links_bg":"","ocean_menu_social_hover_links_bg":"","ocean_menu_social_links_color":"","ocean_menu_social_hover_links_color":"","ocean_disable_title":"default","ocean_disable_heading":"default","ocean_post_title":"","ocean_post_subheading":"","ocean_post_title_style":"","ocean_post_title_background_color":"","ocean_post_title_background":0,"ocean_post_title_bg_image_position":"","ocean_post_title_bg_image_attachment":"","ocean_post_title_bg_image_repeat":"","ocean_post_title_bg_image_size":"","ocean_post_title_height":0,"ocean_post_title_bg_overlay":0.5,"ocean_post_title_bg_overlay_color":"","ocean_disable_breadcrumbs":"default","ocean_breadcrumbs_color":"","ocean_breadcrumbs_separator_color":"","ocean_breadcrumbs_links_color":"","ocean_breadcrumbs_links_hover_color":"","ocean_display_footer_widgets":"default","ocean_display_footer_bottom":"default","ocean_custom_footer_template":"","ocean_post_oembed":"","ocean_post_self_hosted_media":"","ocean_post_video_embed":"","ocean_link_format":"","ocean_link_format_target":"self","ocean_quote_format":"","ocean_quote_format_link":"post","ocean_gallery_link_images":"on","ocean_gallery_id":[],"footnotes":""},"categories":[6],"tags":[],"class_list":["post-48290","post","type-post","status-publish","format-standard","has-post-thumbnail","hentry","category-notas-meteorologicas","entry","has-media"],"_links":{"self":[{"href":"https:\/\/ciram.epagri.sc.gov.br\/index.php\/wp-json\/wp\/v2\/posts\/48290","targetHints":{"allow":["GET"]}}],"collection":[{"href":"https:\/\/ciram.epagri.sc.gov.br\/index.php\/wp-json\/wp\/v2\/posts"}],"about":[{"href":"https:\/\/ciram.epagri.sc.gov.br\/index.php\/wp-json\/wp\/v2\/types\/post"}],"author":[{"embeddable":true,"href":"https:\/\/ciram.epagri.sc.gov.br\/index.php\/wp-json\/wp\/v2\/users\/17"}],"replies":[{"embeddable":true,"href":"https:\/\/ciram.epagri.sc.gov.br\/index.php\/wp-json\/wp\/v2\/comments?post=48290"}],"version-history":[{"count":5,"href":"https:\/\/ciram.epagri.sc.gov.br\/index.php\/wp-json\/wp\/v2\/posts\/48290\/revisions"}],"predecessor-version":[{"id":48419,"href":"https:\/\/ciram.epagri.sc.gov.br\/index.php\/wp-json\/wp\/v2\/posts\/48290\/revisions\/48419"}],"wp:featuredmedia":[{"embeddable":true,"href":"https:\/\/ciram.epagri.sc.gov.br\/index.php\/wp-json\/wp\/v2\/media\/48414"}],"wp:attachment":[{"href":"https:\/\/ciram.epagri.sc.gov.br\/index.php\/wp-json\/wp\/v2\/media?parent=48290"}],"wp:term":[{"taxonomy":"category","embeddable":true,"href":"https:\/\/ciram.epagri.sc.gov.br\/index.php\/wp-json\/wp\/v2\/categories?post=48290"},{"taxonomy":"post_tag","embeddable":true,"href":"https:\/\/ciram.epagri.sc.gov.br\/index.php\/wp-json\/wp\/v2\/tags?post=48290"}],"curies":[{"name":"wp","href":"https:\/\/api.w.org\/{rel}","templated":true}]}}