{"id":48476,"date":"2026-04-28T10:12:00","date_gmt":"2026-04-28T13:12:00","guid":{"rendered":"https:\/\/ciram.epagri.sc.gov.br\/?p=48476"},"modified":"2026-04-28T10:14:50","modified_gmt":"2026-04-28T13:14:50","slug":"amanhecer-gelado-em-sc-sao-joaquim-registra-33c-e-geada","status":"publish","type":"post","link":"https:\/\/ciram.epagri.sc.gov.br\/index.php\/2026\/04\/28\/amanhecer-gelado-em-sc-sao-joaquim-registra-33c-e-geada\/","title":{"rendered":"Amanhecer gelado em SC: S\u00e3o Joaquim registra &#8211; 3,3\u00b0C e geada"},"content":{"rendered":"\n<p><\/p>\n\n\n\n<p>O amanhecer desta ter\u00e7a-feira (28\/05) foi gelado em boa parte de SC (Figura 1) devido a uma massa de ar frio que chegou ao Sul do Brasil. As temperaturas mais baixas foram registradas entre o Meio-Oeste e Planalto Sul, onde S\u00e3o Joaquim marcou &#8211; 3,3\u00b0C, com registro de geada isolada.&nbsp;<\/p>\n\n\n\n<p>Embora tenha sido a noite mais fria do ano at\u00e9 o momento, a tend\u00eancia \u00e9 de novas quedas de temperatura conforme o inverno se aproxima. Para a pr\u00f3xima madrugada (29\/04), o tempo muda: o frio perde for\u00e7a devido \u00e0 chegada de nebulosidade e <strong>chuva intensa<\/strong> no estado. Confira os detalhes em nosso <strong><a href=\"Manh\u00e3%20mais%20gelada%20do%20ano:%20S\u00e3o%20Joaquim%20registra%20-3,3\u00b0C%20e%20geada\">Aviso Meteorol\u00f3gico<\/a><\/strong>.<\/p>\n\n\n\n<figure class=\"wp-block-image size-large\"><img fetchpriority=\"high\" decoding=\"async\" width=\"1024\" height=\"1024\" src=\"https:\/\/ciram.epagri.sc.gov.br\/wp-content\/uploads\/2026\/04\/temperatura-1024x1024.jpg\" alt=\"\" class=\"wp-image-48765\" srcset=\"https:\/\/ciram.epagri.sc.gov.br\/wp-content\/uploads\/2026\/04\/temperatura-1024x1024.jpg 1024w, https:\/\/ciram.epagri.sc.gov.br\/wp-content\/uploads\/2026\/04\/temperatura-300x300.jpg 300w, https:\/\/ciram.epagri.sc.gov.br\/wp-content\/uploads\/2026\/04\/temperatura-150x150.jpg 150w, https:\/\/ciram.epagri.sc.gov.br\/wp-content\/uploads\/2026\/04\/temperatura-768x768.jpg 768w, https:\/\/ciram.epagri.sc.gov.br\/wp-content\/uploads\/2026\/04\/temperatura-600x600.jpg 600w, https:\/\/ciram.epagri.sc.gov.br\/wp-content\/uploads\/2026\/04\/temperatura.jpg 1080w\" sizes=\"(max-width: 1024px) 100vw, 1024px\" \/><\/figure>\n\n\n\n<p><strong>Figura 1 <\/strong>&#8211; Temperaturas m\u00ednimas em SC, no dia 28\/04\/2026.<\/p>\n\n\n\n<p><strong>Elaborado: Anderson Monteiro \u2013 T\u00e9cnico em Meteolorogia.<\/strong><\/p>\n\n\n\n<p><strong>Gils\u00e2nia Cruz e Marcelo Martins &#8211; Meteorologistas (Epagri\/Ciram)<\/strong><\/p>\n\n\n\n<p><\/p>\n","protected":false},"excerpt":{"rendered":"<p>O amanhecer desta ter\u00e7a-feira (28\/05) foi gelado em boa parte de SC (Figura 1) devido a uma massa de ar frio que chegou ao Sul do Brasil. As temperaturas mais baixas foram registradas entre o Meio-Oeste e Planalto Sul, onde S\u00e3o Joaquim marcou &#8211; 3,3\u00b0C, com registro de geada isolada.&nbsp; Embora tenha sido a noite [&hellip;]<\/p>\n","protected":false},"author":17,"featured_media":48767,"comment_status":"closed","ping_status":"closed","sticky":false,"template":"","format":"standard","meta":{"ocean_post_layout":"","ocean_both_sidebars_style":"","ocean_both_sidebars_content_width":0,"ocean_both_sidebars_sidebars_width":0,"ocean_sidebar":"","ocean_second_sidebar":"","ocean_disable_margins":"enable","ocean_add_body_class":"","ocean_shortcode_before_top_bar":"","ocean_shortcode_after_top_bar":"","ocean_shortcode_before_header":"","ocean_shortcode_after_header":"","ocean_has_shortcode":"","ocean_shortcode_after_title":"","ocean_shortcode_before_footer_widgets":"","ocean_shortcode_after_footer_widgets":"","ocean_shortcode_before_footer_bottom":"","ocean_shortcode_after_footer_bottom":"","ocean_display_top_bar":"default","ocean_display_header":"default","ocean_header_style":"","ocean_center_header_left_menu":"","ocean_custom_header_template":"","ocean_custom_logo":0,"ocean_custom_retina_logo":0,"ocean_custom_logo_max_width":0,"ocean_custom_logo_tablet_max_width":0,"ocean_custom_logo_mobile_max_width":0,"ocean_custom_logo_max_height":0,"ocean_custom_logo_tablet_max_height":0,"ocean_custom_logo_mobile_max_height":0,"ocean_header_custom_menu":"","ocean_menu_typo_font_family":"","ocean_menu_typo_font_subset":"","ocean_menu_typo_font_size":0,"ocean_menu_typo_font_size_tablet":0,"ocean_menu_typo_font_size_mobile":0,"ocean_menu_typo_font_size_unit":"px","ocean_menu_typo_font_weight":"","ocean_menu_typo_font_weight_tablet":"","ocean_menu_typo_font_weight_mobile":"","ocean_menu_typo_transform":"","ocean_menu_typo_transform_tablet":"","ocean_menu_typo_transform_mobile":"","ocean_menu_typo_line_height":0,"ocean_menu_typo_line_height_tablet":0,"ocean_menu_typo_line_height_mobile":0,"ocean_menu_typo_line_height_unit":"","ocean_menu_typo_spacing":0,"ocean_menu_typo_spacing_tablet":0,"ocean_menu_typo_spacing_mobile":0,"ocean_menu_typo_spacing_unit":"","ocean_menu_link_color":"","ocean_menu_link_color_hover":"","ocean_menu_link_color_active":"","ocean_menu_link_background":"","ocean_menu_link_hover_background":"","ocean_menu_link_active_background":"","ocean_menu_social_links_bg":"","ocean_menu_social_hover_links_bg":"","ocean_menu_social_links_color":"","ocean_menu_social_hover_links_color":"","ocean_disable_title":"default","ocean_disable_heading":"default","ocean_post_title":"","ocean_post_subheading":"","ocean_post_title_style":"","ocean_post_title_background_color":"","ocean_post_title_background":0,"ocean_post_title_bg_image_position":"","ocean_post_title_bg_image_attachment":"","ocean_post_title_bg_image_repeat":"","ocean_post_title_bg_image_size":"","ocean_post_title_height":0,"ocean_post_title_bg_overlay":0.5,"ocean_post_title_bg_overlay_color":"","ocean_disable_breadcrumbs":"default","ocean_breadcrumbs_color":"","ocean_breadcrumbs_separator_color":"","ocean_breadcrumbs_links_color":"","ocean_breadcrumbs_links_hover_color":"","ocean_display_footer_widgets":"default","ocean_display_footer_bottom":"default","ocean_custom_footer_template":"","ocean_post_oembed":"","ocean_post_self_hosted_media":"","ocean_post_video_embed":"","ocean_link_format":"","ocean_link_format_target":"self","ocean_quote_format":"","ocean_quote_format_link":"post","ocean_gallery_link_images":"on","ocean_gallery_id":[],"footnotes":""},"categories":[6],"tags":[],"class_list":["post-48476","post","type-post","status-publish","format-standard","has-post-thumbnail","hentry","category-notas-meteorologicas","entry","has-media"],"_links":{"self":[{"href":"https:\/\/ciram.epagri.sc.gov.br\/index.php\/wp-json\/wp\/v2\/posts\/48476","targetHints":{"allow":["GET"]}}],"collection":[{"href":"https:\/\/ciram.epagri.sc.gov.br\/index.php\/wp-json\/wp\/v2\/posts"}],"about":[{"href":"https:\/\/ciram.epagri.sc.gov.br\/index.php\/wp-json\/wp\/v2\/types\/post"}],"author":[{"embeddable":true,"href":"https:\/\/ciram.epagri.sc.gov.br\/index.php\/wp-json\/wp\/v2\/users\/17"}],"replies":[{"embeddable":true,"href":"https:\/\/ciram.epagri.sc.gov.br\/index.php\/wp-json\/wp\/v2\/comments?post=48476"}],"version-history":[{"count":3,"href":"https:\/\/ciram.epagri.sc.gov.br\/index.php\/wp-json\/wp\/v2\/posts\/48476\/revisions"}],"predecessor-version":[{"id":48768,"href":"https:\/\/ciram.epagri.sc.gov.br\/index.php\/wp-json\/wp\/v2\/posts\/48476\/revisions\/48768"}],"wp:featuredmedia":[{"embeddable":true,"href":"https:\/\/ciram.epagri.sc.gov.br\/index.php\/wp-json\/wp\/v2\/media\/48767"}],"wp:attachment":[{"href":"https:\/\/ciram.epagri.sc.gov.br\/index.php\/wp-json\/wp\/v2\/media?parent=48476"}],"wp:term":[{"taxonomy":"category","embeddable":true,"href":"https:\/\/ciram.epagri.sc.gov.br\/index.php\/wp-json\/wp\/v2\/categories?post=48476"},{"taxonomy":"post_tag","embeddable":true,"href":"https:\/\/ciram.epagri.sc.gov.br\/index.php\/wp-json\/wp\/v2\/tags?post=48476"}],"curies":[{"name":"wp","href":"https:\/\/api.w.org\/{rel}","templated":true}]}}