{"id":53218,"date":"2026-08-31T10:55:43","date_gmt":"2026-08-31T13:55:43","guid":{"rendered":"https:\/\/ciram.epagri.sc.gov.br\/?p=53218"},"modified":"2026-08-31T10:55:43","modified_gmt":"2026-08-31T13:55:43","slug":"terca-e-quarta-feira-com-mar-agitado-e-risco-de-ressaca-no-litoral-de-sc","status":"publish","type":"post","link":"https:\/\/ciram.epagri.sc.gov.br\/index.php\/2026\/08\/31\/terca-e-quarta-feira-com-mar-agitado-e-risco-de-ressaca-no-litoral-de-sc\/","title":{"rendered":"Ter\u00e7a e quarta-feira com mar agitado e risco de ressaca no Litoral de SC"},"content":{"rendered":"\n<p class=\"wp-block-paragraph\"><strong>In\u00edcio: 01\/09\/2026 \u00e0s 12h00<\/strong><\/p>\n\n\n\n<p class=\"wp-block-paragraph\"><strong>Fim: 02\/09\/2026 \u00e0s 12h00<\/strong><\/p>\n\n\n\n<p class=\"wp-block-paragraph\"><strong>Regi\u00e3o:<\/strong>&nbsp;Litoral de SC, especialmente entre Passo de Torres e a Grande Florian\u00f3polis.<\/p>\n\n\n\n<p class=\"wp-block-paragraph\"><strong>Previs\u00e3o:<\/strong>&nbsp; na ter\u00e7a-feira, ventos de Sudoeste (SW) a Sul (S), com rajadas de <strong>60 <\/strong>a <strong>90 km\/h<\/strong>. Mar agitado a muito agitado, com ondula\u00e7\u00e3o de <strong>2,0<\/strong> a <strong>2,5m<\/strong> e picos de <strong>3,0 a 3,5m<\/strong>, com risco de ressaca. Condi\u00e7\u00e3o desfavor\u00e1vel \u00e0 navega\u00e7\u00e3o de pequenas e m\u00e9dias embarca\u00e7\u00f5es.<\/p>\n\n\n\n<p class=\"wp-block-paragraph\"><strong>Sistema: <\/strong>ciclone extratropical pr\u00f3ximo ao litoral de RS e SC, eavan\u00e7o de uma alta press\u00e3o ao Sul do Brasil.<\/p>\n\n\n\n<p class=\"wp-block-paragraph\"><strong>Marcelo Martins e Gils\u00e2nia Cruz \u2013 Meteorologistas Epagri\/Ciram<\/strong><strong><\/strong><\/p>\n","protected":false},"excerpt":{"rendered":"<p>In\u00edcio: 01\/09\/2026 \u00e0s 12h00 Fim: 02\/09\/2026 \u00e0s 12h00 Regi\u00e3o:&nbsp;Litoral de SC, especialmente entre Passo de Torres e a Grande Florian\u00f3polis. Previs\u00e3o:&nbsp; na ter\u00e7a-feira, ventos de Sudoeste (SW) a Sul (S), com rajadas de 60 a 90 km\/h. Mar agitado a muito agitado, com ondula\u00e7\u00e3o de 2,0 a 2,5m e picos de 3,0 a 3,5m, com [&hellip;]<\/p>\n","protected":false},"author":10,"featured_media":0,"comment_status":"closed","ping_status":"closed","sticky":false,"template":"","format":"standard","meta":{"ocean_front_end_style_editor":"no","ocean_post_layout":"","ocean_both_sidebars_style":"","ocean_both_sidebars_content_width":0,"ocean_both_sidebars_sidebars_width":0,"ocean_sidebar":"","ocean_second_sidebar":"","ocean_disable_margins":"enable","ocean_add_body_class":"","ocean_shortcode_before_top_bar":"","ocean_shortcode_after_top_bar":"","ocean_shortcode_before_header":"","ocean_shortcode_after_header":"","ocean_has_shortcode":"","ocean_shortcode_after_title":"","ocean_shortcode_before_footer_widgets":"","ocean_shortcode_after_footer_widgets":"","ocean_shortcode_before_footer_bottom":"","ocean_shortcode_after_footer_bottom":"","ocean_display_top_bar":"default","ocean_display_header":"default","ocean_header_style":"","ocean_center_header_left_menu":"","ocean_custom_header_template":"","ocean_custom_logo":0,"ocean_custom_retina_logo":0,"ocean_custom_logo_max_width":0,"ocean_custom_logo_tablet_max_width":0,"ocean_custom_logo_mobile_max_width":0,"ocean_custom_logo_max_height":0,"ocean_custom_logo_tablet_max_height":0,"ocean_custom_logo_mobile_max_height":0,"ocean_header_custom_menu":"","ocean_menu_typo_font_family":"","ocean_menu_typo_font_subset":"","ocean_menu_typo_font_size":0,"ocean_menu_typo_font_size_tablet":0,"ocean_menu_typo_font_size_mobile":0,"ocean_menu_typo_font_size_unit":"px","ocean_menu_typo_font_weight":"","ocean_menu_typo_font_weight_tablet":"","ocean_menu_typo_font_weight_mobile":"","ocean_menu_typo_transform":"","ocean_menu_typo_transform_tablet":"","ocean_menu_typo_transform_mobile":"","ocean_menu_typo_line_height":0,"ocean_menu_typo_line_height_tablet":0,"ocean_menu_typo_line_height_mobile":0,"ocean_menu_typo_line_height_unit":"","ocean_menu_typo_spacing":0,"ocean_menu_typo_spacing_tablet":0,"ocean_menu_typo_spacing_mobile":0,"ocean_menu_typo_spacing_unit":"","ocean_menu_link_color":"","ocean_menu_link_color_hover":"","ocean_menu_link_color_active":"","ocean_menu_link_background":"","ocean_menu_link_hover_background":"","ocean_menu_link_active_background":"","ocean_menu_social_links_bg":"","ocean_menu_social_hover_links_bg":"","ocean_menu_social_links_color":"","ocean_menu_social_hover_links_color":"","ocean_disable_title":"default","ocean_disable_heading":"default","ocean_post_title":"","ocean_post_subheading":"","ocean_post_title_style":"","ocean_post_title_background_color":"","ocean_post_title_background":0,"ocean_post_title_bg_image_position":"","ocean_post_title_bg_image_attachment":"","ocean_post_title_bg_image_repeat":"","ocean_post_title_bg_image_size":"","ocean_post_title_height":0,"ocean_post_title_bg_overlay":0.5,"ocean_post_title_bg_overlay_color":"","ocean_disable_breadcrumbs":"default","ocean_breadcrumbs_color":"","ocean_breadcrumbs_separator_color":"","ocean_breadcrumbs_links_color":"","ocean_breadcrumbs_links_hover_color":"","ocean_display_footer_widgets":"default","ocean_display_footer_bottom":"default","ocean_custom_footer_template":"","ocean_post_oembed":"","ocean_post_self_hosted_media":"","ocean_post_video_embed":"","ocean_link_format":"","ocean_link_format_target":"self","ocean_quote_format":"","ocean_quote_format_link":"post","ocean_gallery_link_images":"on","ocean_gallery_id":[],"footnotes":""},"categories":[18],"tags":[],"class_list":["post-53218","post","type-post","status-publish","format-standard","hentry","category-avisos-maritimos","entry"],"_links":{"self":[{"href":"https:\/\/ciram.epagri.sc.gov.br\/index.php\/wp-json\/wp\/v2\/posts\/53218","targetHints":{"allow":["GET"]}}],"collection":[{"href":"https:\/\/ciram.epagri.sc.gov.br\/index.php\/wp-json\/wp\/v2\/posts"}],"about":[{"href":"https:\/\/ciram.epagri.sc.gov.br\/index.php\/wp-json\/wp\/v2\/types\/post"}],"author":[{"embeddable":true,"href":"https:\/\/ciram.epagri.sc.gov.br\/index.php\/wp-json\/wp\/v2\/users\/10"}],"replies":[{"embeddable":true,"href":"https:\/\/ciram.epagri.sc.gov.br\/index.php\/wp-json\/wp\/v2\/comments?post=53218"}],"version-history":[{"count":1,"href":"https:\/\/ciram.epagri.sc.gov.br\/index.php\/wp-json\/wp\/v2\/posts\/53218\/revisions"}],"predecessor-version":[{"id":53219,"href":"https:\/\/ciram.epagri.sc.gov.br\/index.php\/wp-json\/wp\/v2\/posts\/53218\/revisions\/53219"}],"wp:attachment":[{"href":"https:\/\/ciram.epagri.sc.gov.br\/index.php\/wp-json\/wp\/v2\/media?parent=53218"}],"wp:term":[{"taxonomy":"category","embeddable":true,"href":"https:\/\/ciram.epagri.sc.gov.br\/index.php\/wp-json\/wp\/v2\/categories?post=53218"},{"taxonomy":"post_tag","embeddable":true,"href":"https:\/\/ciram.epagri.sc.gov.br\/index.php\/wp-json\/wp\/v2\/tags?post=53218"}],"curies":[{"name":"wp","href":"https:\/\/api.w.org\/{rel}","templated":true}]}}