{"id":53245,"date":"2026-09-01T10:23:52","date_gmt":"2026-09-01T13:23:52","guid":{"rendered":"https:\/\/ciram.epagri.sc.gov.br\/?p=53245"},"modified":"2026-09-01T10:26:13","modified_gmt":"2026-09-01T13:26:13","slug":"totais-de-chuva-100-a-175mm-em-boa-parte-de-sc","status":"publish","type":"post","link":"https:\/\/ciram.epagri.sc.gov.br\/index.php\/2026\/09\/01\/totais-de-chuva-100-a-175mm-em-boa-parte-de-sc\/","title":{"rendered":"Totais de chuva 100 a 175mm em boa parte de SC"},"content":{"rendered":"\n<p class=\"wp-block-paragraph\">A chuva, que come\u00e7ou de forma isolada com temporais a partir da tarde de sexta-feira (28\/08) se estendeu at\u00e9 a segunda-feira (31\/08), e foi intensa e persistente em alguns per\u00edodos, acumulando totais de 100 a 175 mm em boa parte de SC (<strong>Figura 1<\/strong>), chuva que s\u00f3 nesses quatro dias superou a m\u00e9dia esperada para o m\u00eas inteiro de agosto, que varia de 90 a 150 mm no estado (<strong>Figura 2<\/strong>). Al\u00e9m da chuva foram registrados temporais e tempestade severa, com muitos eventos de granizo severo com pedras grandes e tamb\u00e9m grande ac\u00famulo, que assustaram os catarinenses, com indicativo de tornado em Campo Er\u00ea, no Meio-Oeste.<\/p>\n\n\n\n<p class=\"wp-block-paragraph\">A forte instabilidade foi causada por uma massa de ar quente e \u00famido em SC, um sistema frontal, intensificado pelas correntes de jato em baixos e altos n\u00edveis da atmosfera.<\/p>\n\n\n\n<p class=\"wp-block-paragraph\">Na <strong>Figura 3<\/strong>, observa-se que o m\u00eas de agosto foi marcado por chuva acima da m\u00e9dia em todas as regi\u00f5es de SC, como o previsto, sendo a Grande Florian\u00f3polis, Vale do Itaja\u00ed, Planalto Norte e Litoral Norte, as regi\u00f5es que registram maior precipita\u00e7\u00e3o, com anomalias positivas de <strong>100<\/strong> a <strong>300 mm<\/strong>. Essa \u00e9 uma condi\u00e7\u00e3o associada ao El Ni\u00f1o e que deve ocorrer com frequ\u00eancia nos pr\u00f3ximos meses, veja os detalhes na <a href=\"https:\/\/ciram.epagri.sc.gov.br\/index.php\/2026\/08\/31\/climatica\/\">previs\u00e3o clim\u00e1tica<\/a>.<\/p>\n\n\n\n<p class=\"wp-block-paragraph\"><strong>Gils\u00e2nia Cruz e Marcelo Martins \u2013 Meteorologistas (Epagri\/Ciram)<\/strong><\/p>\n\n\n\n<figure class=\"wp-block-image size-large is-resized\"><img fetchpriority=\"high\" decoding=\"async\" width=\"1024\" height=\"724\" src=\"https:\/\/ciram.epagri.sc.gov.br\/wp-content\/uploads\/2026\/09\/figura-1-1024x724.jpg\" alt=\"\" class=\"wp-image-53246\" style=\"aspect-ratio:1.4144018521929016;width:549px;height:auto\" srcset=\"https:\/\/ciram.epagri.sc.gov.br\/wp-content\/uploads\/2026\/09\/figura-1-1024x724.jpg 1024w, https:\/\/ciram.epagri.sc.gov.br\/wp-content\/uploads\/2026\/09\/figura-1-300x212.jpg 300w, https:\/\/ciram.epagri.sc.gov.br\/wp-content\/uploads\/2026\/09\/figura-1-768x543.jpg 768w, https:\/\/ciram.epagri.sc.gov.br\/wp-content\/uploads\/2026\/09\/figura-1-1536x1087.jpg 1536w, https:\/\/ciram.epagri.sc.gov.br\/wp-content\/uploads\/2026\/09\/figura-1-2048x1449.jpg 2048w\" sizes=\"(max-width: 1024px) 100vw, 1024px\" \/><\/figure>\n\n\n\n<p class=\"wp-block-paragraph\"><strong>Figura 1<\/strong> \u2013 Total de precipita\u00e7\u00e3o das \u00faltimas 96h em Santa Catarina \u2013 das 09h do dia 28\/08\/2026 at\u00e9 as 09h do dia 01\/09\/2026. Dados sujeitos \u00e0 corre\u00e7\u00e3o posterior.<\/p>\n\n\n\n<p class=\"wp-block-paragraph\">Elaborado por: Maikon Alves \u2013 T\u00e9cnico em Meteorologia \u2013 Epagri\/Ciram.<\/p>\n\n\n\n<figure class=\"wp-block-image size-full is-resized\"><img decoding=\"async\" width=\"350\" height=\"230\" src=\"https:\/\/ciram.epagri.sc.gov.br\/wp-content\/uploads\/2026\/09\/figura-2.jpg\" alt=\"\" class=\"wp-image-53247\" style=\"width:544px;height:auto\" srcset=\"https:\/\/ciram.epagri.sc.gov.br\/wp-content\/uploads\/2026\/09\/figura-2.jpg 350w, https:\/\/ciram.epagri.sc.gov.br\/wp-content\/uploads\/2026\/09\/figura-2-300x197.jpg 300w\" sizes=\"(max-width: 350px) 100vw, 350px\" \/><\/figure>\n\n\n\n<p class=\"wp-block-paragraph\"><strong>Figura 2<\/strong> \u2013 Climatologia da precipita\u00e7\u00e3o do m\u00eas de agosto para SC, obtidos de esta\u00e7\u00f5es hidrol\u00f3gicas pertencentes \u00e0 Ag\u00eancia Nacional de \u00c1guas (ANA), com s\u00e9rie de dados no per\u00edodo de 1960 a 2004.<\/p>\n\n\n\n<figure class=\"wp-block-image size-large is-resized\"><img decoding=\"async\" width=\"1024\" height=\"724\" src=\"https:\/\/ciram.epagri.sc.gov.br\/wp-content\/uploads\/2026\/09\/figura-3-1024x724.jpg\" alt=\"\" class=\"wp-image-53248\" style=\"aspect-ratio:1.4135464871687;width:551px;height:auto\" srcset=\"https:\/\/ciram.epagri.sc.gov.br\/wp-content\/uploads\/2026\/09\/figura-3-1024x724.jpg 1024w, https:\/\/ciram.epagri.sc.gov.br\/wp-content\/uploads\/2026\/09\/figura-3-300x212.jpg 300w, https:\/\/ciram.epagri.sc.gov.br\/wp-content\/uploads\/2026\/09\/figura-3-768x543.jpg 768w, https:\/\/ciram.epagri.sc.gov.br\/wp-content\/uploads\/2026\/09\/figura-3-1536x1087.jpg 1536w, https:\/\/ciram.epagri.sc.gov.br\/wp-content\/uploads\/2026\/09\/figura-3-2048x1449.jpg 2048w\" sizes=\"(max-width: 1024px) 100vw, 1024px\" \/><\/figure>\n\n\n\n<p class=\"wp-block-paragraph\"><strong>Figura 3<\/strong> \u2013 Anomalia da Precipita\u00e7\u00e3o do m\u00eas de agosto de 2026 para SC.<\/p>\n\n\n\n<p class=\"wp-block-paragraph\">Elaborado por: Maikon Alves \u2013 T\u00e9cnico em Meteorologia \u2013 Epagri\/Ciram.<\/p>\n","protected":false},"excerpt":{"rendered":"<p>A chuva, que come\u00e7ou de forma isolada com temporais a partir da tarde de sexta-feira (28\/08) se estendeu at\u00e9 a segunda-feira (31\/08), e foi intensa e persistente em alguns per\u00edodos, acumulando totais de 100 a 175 mm em boa parte de SC (Figura 1), chuva que s\u00f3 nesses quatro dias superou a m\u00e9dia esperada para [&hellip;]<\/p>\n","protected":false},"author":31,"featured_media":53250,"comment_status":"closed","ping_status":"closed","sticky":false,"template":"","format":"standard","meta":{"ocean_front_end_style_editor":"no","ocean_post_layout":"","ocean_both_sidebars_style":"","ocean_both_sidebars_content_width":0,"ocean_both_sidebars_sidebars_width":0,"ocean_sidebar":"","ocean_second_sidebar":"","ocean_disable_margins":"enable","ocean_add_body_class":"","ocean_shortcode_before_top_bar":"","ocean_shortcode_after_top_bar":"","ocean_shortcode_before_header":"","ocean_shortcode_after_header":"","ocean_has_shortcode":"","ocean_shortcode_after_title":"","ocean_shortcode_before_footer_widgets":"","ocean_shortcode_after_footer_widgets":"","ocean_shortcode_before_footer_bottom":"","ocean_shortcode_after_footer_bottom":"","ocean_display_top_bar":"default","ocean_display_header":"default","ocean_header_style":"","ocean_center_header_left_menu":"","ocean_custom_header_template":"","ocean_custom_logo":0,"ocean_custom_retina_logo":0,"ocean_custom_logo_max_width":0,"ocean_custom_logo_tablet_max_width":0,"ocean_custom_logo_mobile_max_width":0,"ocean_custom_logo_max_height":0,"ocean_custom_logo_tablet_max_height":0,"ocean_custom_logo_mobile_max_height":0,"ocean_header_custom_menu":"","ocean_menu_typo_font_family":"","ocean_menu_typo_font_subset":"","ocean_menu_typo_font_size":0,"ocean_menu_typo_font_size_tablet":0,"ocean_menu_typo_font_size_mobile":0,"ocean_menu_typo_font_size_unit":"px","ocean_menu_typo_font_weight":"","ocean_menu_typo_font_weight_tablet":"","ocean_menu_typo_font_weight_mobile":"","ocean_menu_typo_transform":"","ocean_menu_typo_transform_tablet":"","ocean_menu_typo_transform_mobile":"","ocean_menu_typo_line_height":0,"ocean_menu_typo_line_height_tablet":0,"ocean_menu_typo_line_height_mobile":0,"ocean_menu_typo_line_height_unit":"","ocean_menu_typo_spacing":0,"ocean_menu_typo_spacing_tablet":0,"ocean_menu_typo_spacing_mobile":0,"ocean_menu_typo_spacing_unit":"","ocean_menu_link_color":"","ocean_menu_link_color_hover":"","ocean_menu_link_color_active":"","ocean_menu_link_background":"","ocean_menu_link_hover_background":"","ocean_menu_link_active_background":"","ocean_menu_social_links_bg":"","ocean_menu_social_hover_links_bg":"","ocean_menu_social_links_color":"","ocean_menu_social_hover_links_color":"","ocean_disable_title":"default","ocean_disable_heading":"default","ocean_post_title":"","ocean_post_subheading":"","ocean_post_title_style":"","ocean_post_title_background_color":"","ocean_post_title_background":0,"ocean_post_title_bg_image_position":"","ocean_post_title_bg_image_attachment":"","ocean_post_title_bg_image_repeat":"","ocean_post_title_bg_image_size":"","ocean_post_title_height":0,"ocean_post_title_bg_overlay":0.5,"ocean_post_title_bg_overlay_color":"","ocean_disable_breadcrumbs":"default","ocean_breadcrumbs_color":"","ocean_breadcrumbs_separator_color":"","ocean_breadcrumbs_links_color":"","ocean_breadcrumbs_links_hover_color":"","ocean_display_footer_widgets":"default","ocean_display_footer_bottom":"default","ocean_custom_footer_template":"","ocean_post_oembed":"","ocean_post_self_hosted_media":"","ocean_post_video_embed":"","ocean_link_format":"","ocean_link_format_target":"self","ocean_quote_format":"","ocean_quote_format_link":"post","ocean_gallery_link_images":"on","ocean_gallery_id":[],"footnotes":""},"categories":[6],"tags":[],"class_list":["post-53245","post","type-post","status-publish","format-standard","has-post-thumbnail","hentry","category-notas-meteorologicas","entry","has-media"],"_links":{"self":[{"href":"https:\/\/ciram.epagri.sc.gov.br\/index.php\/wp-json\/wp\/v2\/posts\/53245","targetHints":{"allow":["GET"]}}],"collection":[{"href":"https:\/\/ciram.epagri.sc.gov.br\/index.php\/wp-json\/wp\/v2\/posts"}],"about":[{"href":"https:\/\/ciram.epagri.sc.gov.br\/index.php\/wp-json\/wp\/v2\/types\/post"}],"author":[{"embeddable":true,"href":"https:\/\/ciram.epagri.sc.gov.br\/index.php\/wp-json\/wp\/v2\/users\/31"}],"replies":[{"embeddable":true,"href":"https:\/\/ciram.epagri.sc.gov.br\/index.php\/wp-json\/wp\/v2\/comments?post=53245"}],"version-history":[{"count":1,"href":"https:\/\/ciram.epagri.sc.gov.br\/index.php\/wp-json\/wp\/v2\/posts\/53245\/revisions"}],"predecessor-version":[{"id":53249,"href":"https:\/\/ciram.epagri.sc.gov.br\/index.php\/wp-json\/wp\/v2\/posts\/53245\/revisions\/53249"}],"wp:featuredmedia":[{"embeddable":true,"href":"https:\/\/ciram.epagri.sc.gov.br\/index.php\/wp-json\/wp\/v2\/media\/53250"}],"wp:attachment":[{"href":"https:\/\/ciram.epagri.sc.gov.br\/index.php\/wp-json\/wp\/v2\/media?parent=53245"}],"wp:term":[{"taxonomy":"category","embeddable":true,"href":"https:\/\/ciram.epagri.sc.gov.br\/index.php\/wp-json\/wp\/v2\/categories?post=53245"},{"taxonomy":"post_tag","embeddable":true,"href":"https:\/\/ciram.epagri.sc.gov.br\/index.php\/wp-json\/wp\/v2\/tags?post=53245"}],"curies":[{"name":"wp","href":"https:\/\/api.w.org\/{rel}","templated":true}]}}