{"id":53295,"date":"2026-09-04T10:29:37","date_gmt":"2026-09-04T13:29:37","guid":{"rendered":"https:\/\/ciram.epagri.sc.gov.br\/?p=53295"},"modified":"2026-09-04T10:35:58","modified_gmt":"2026-09-04T13:35:58","slug":"feriadao-gelado-em-sc-minimas-negativas-geada-e-chance-de-neve","status":"publish","type":"post","link":"https:\/\/ciram.epagri.sc.gov.br\/index.php\/2026\/09\/04\/feriadao-gelado-em-sc-minimas-negativas-geada-e-chance-de-neve\/","title":{"rendered":"Feriad\u00e3o gelado em SC: m\u00ednimas negativas, geada e chance de neve"},"content":{"rendered":"\n<p class=\"wp-block-paragraph\">No decorrer do s\u00e1bado (05\/09) uma intensa massa de ar frio e seco de origem polar avan\u00e7a por SC, favorecendo a melhora gradativa do tempo e o decl\u00ednio acentuado das temperaturas, com as m\u00ednimas no per\u00edodo da noite, pr\u00f3xima de 0\u00b0C nas \u00e1reas altas do Planalto Sul.<\/p>\n\n\n\n<p class=\"wp-block-paragraph\">No domingo (06\/09) o dia ser\u00e1 gelado em SC, com m\u00ednimas de &#8211; 4\u00b0C a 4\u00b0C ao amanhecer nas \u00e1reas altas do Oeste ao Planalto Sul, com condi\u00e7\u00f5es de forma\u00e7\u00e3o de <strong>geada<\/strong> e variando de 4\u00b0C a 10\u00b0C na maioria das regi\u00f5es. Durante o dia, m\u00e1ximas de 13\u00b0C a 18\u00b0C. No fim da tarde e noite com as baixas temperaturas e a umidade do ar mais elevada n\u00e3o se descarta a ocorr\u00eancia de <strong>chuva congelada e\/ou neve<\/strong> de forma isolada nas \u00e1reas altas do Planalto Sul (<a href=\"https:\/\/ciram.epagri.sc.gov.br\/index.php\/previsao-municipio\/\">veja<\/a> Figura 1), podendo se estender at\u00e9 o in\u00edcio da madrugada de segunda-feira (07\/09), acompanhe a previs\u00e3o nos pr\u00f3ximos dias. No amanhecer deste dia o frio segue intenso com temperaturas m\u00ednimas de -3\u00b0C a 4\u00b0C nas \u00e1reas altas do estado, com <a href=\"https:\/\/ciram.epagri.sc.gov.br\/index.php\/previsao-geada\/\"><strong>geada ampla<\/strong><\/a><strong> <\/strong>(Figura 2), podendo chegar a &#8211; 5\u00b0C e &#8211; 8\u00b0C no Planalto Sul, e variando de 4\u00b0C a 8\u00b0C nas demais regi\u00f5es.&nbsp;<\/p>\n\n\n\n<figure class=\"wp-block-image size-large\"><img fetchpriority=\"high\" decoding=\"async\" width=\"1024\" height=\"659\" src=\"https:\/\/ciram.epagri.sc.gov.br\/wp-content\/uploads\/2026\/09\/image-1-1024x659.png\" alt=\"\" class=\"wp-image-53300\" srcset=\"https:\/\/ciram.epagri.sc.gov.br\/wp-content\/uploads\/2026\/09\/image-1-1024x659.png 1024w, https:\/\/ciram.epagri.sc.gov.br\/wp-content\/uploads\/2026\/09\/image-1-300x193.png 300w, https:\/\/ciram.epagri.sc.gov.br\/wp-content\/uploads\/2026\/09\/image-1-768x494.png 768w, https:\/\/ciram.epagri.sc.gov.br\/wp-content\/uploads\/2026\/09\/image-1.png 1111w\" sizes=\"(max-width: 1024px) 100vw, 1024px\" \/><\/figure>\n\n\n\n<p class=\"wp-block-paragraph\">&nbsp;&nbsp;&nbsp;&nbsp;&nbsp;<strong>Figura 1<\/strong> \u2013 Meteograma ilustrativo, modelo WRF. Fonte Epagri\/Ciram.<\/p>\n\n\n\n<figure class=\"wp-block-image size-large\"><img decoding=\"async\" width=\"1024\" height=\"809\" src=\"https:\/\/ciram.epagri.sc.gov.br\/wp-content\/uploads\/2026\/09\/image-2-1024x809.png\" alt=\"\" class=\"wp-image-53301\" srcset=\"https:\/\/ciram.epagri.sc.gov.br\/wp-content\/uploads\/2026\/09\/image-2-1024x809.png 1024w, https:\/\/ciram.epagri.sc.gov.br\/wp-content\/uploads\/2026\/09\/image-2-300x237.png 300w, https:\/\/ciram.epagri.sc.gov.br\/wp-content\/uploads\/2026\/09\/image-2-768x607.png 768w, https:\/\/ciram.epagri.sc.gov.br\/wp-content\/uploads\/2026\/09\/image-2.png 1392w\" sizes=\"(max-width: 1024px) 100vw, 1024px\" \/><\/figure>\n\n\n\n<p class=\"wp-block-paragraph\"><strong>Figura 2<\/strong> &#8211; Probabilidade de geada para 07\/09\/26. Fonte: Epagri\/Ciram.<\/p>\n\n\n\n<p class=\"wp-block-paragraph\"><strong>Gils\u00e2nia Cruz e Marcelo Martins \u2013 Meteorologistas (Epagri\/Ciram)<\/strong><\/p>\n\n\n\n<p class=\"wp-block-paragraph\"><\/p>\n","protected":false},"excerpt":{"rendered":"<p>No decorrer do s\u00e1bado (05\/09) uma intensa massa de ar frio e seco de origem polar avan\u00e7a por SC, favorecendo a melhora gradativa do tempo e o decl\u00ednio acentuado das temperaturas, com as m\u00ednimas no per\u00edodo da noite, pr\u00f3xima de 0\u00b0C nas \u00e1reas altas do Planalto Sul. No domingo (06\/09) o dia ser\u00e1 gelado em [&hellip;]<\/p>\n","protected":false},"author":10,"featured_media":53301,"comment_status":"closed","ping_status":"closed","sticky":false,"template":"","format":"standard","meta":{"ocean_front_end_style_editor":"no","ocean_post_layout":"","ocean_both_sidebars_style":"","ocean_both_sidebars_content_width":0,"ocean_both_sidebars_sidebars_width":0,"ocean_sidebar":"","ocean_second_sidebar":"","ocean_disable_margins":"enable","ocean_add_body_class":"","ocean_shortcode_before_top_bar":"","ocean_shortcode_after_top_bar":"","ocean_shortcode_before_header":"","ocean_shortcode_after_header":"","ocean_has_shortcode":"","ocean_shortcode_after_title":"","ocean_shortcode_before_footer_widgets":"","ocean_shortcode_after_footer_widgets":"","ocean_shortcode_before_footer_bottom":"","ocean_shortcode_after_footer_bottom":"","ocean_display_top_bar":"default","ocean_display_header":"default","ocean_header_style":"","ocean_center_header_left_menu":"","ocean_custom_header_template":"","ocean_custom_logo":0,"ocean_custom_retina_logo":0,"ocean_custom_logo_max_width":0,"ocean_custom_logo_tablet_max_width":0,"ocean_custom_logo_mobile_max_width":0,"ocean_custom_logo_max_height":0,"ocean_custom_logo_tablet_max_height":0,"ocean_custom_logo_mobile_max_height":0,"ocean_header_custom_menu":"","ocean_menu_typo_font_family":"","ocean_menu_typo_font_subset":"","ocean_menu_typo_font_size":0,"ocean_menu_typo_font_size_tablet":0,"ocean_menu_typo_font_size_mobile":0,"ocean_menu_typo_font_size_unit":"px","ocean_menu_typo_font_weight":"","ocean_menu_typo_font_weight_tablet":"","ocean_menu_typo_font_weight_mobile":"","ocean_menu_typo_transform":"","ocean_menu_typo_transform_tablet":"","ocean_menu_typo_transform_mobile":"","ocean_menu_typo_line_height":0,"ocean_menu_typo_line_height_tablet":0,"ocean_menu_typo_line_height_mobile":0,"ocean_menu_typo_line_height_unit":"","ocean_menu_typo_spacing":0,"ocean_menu_typo_spacing_tablet":0,"ocean_menu_typo_spacing_mobile":0,"ocean_menu_typo_spacing_unit":"","ocean_menu_link_color":"","ocean_menu_link_color_hover":"","ocean_menu_link_color_active":"","ocean_menu_link_background":"","ocean_menu_link_hover_background":"","ocean_menu_link_active_background":"","ocean_menu_social_links_bg":"","ocean_menu_social_hover_links_bg":"","ocean_menu_social_links_color":"","ocean_menu_social_hover_links_color":"","ocean_disable_title":"default","ocean_disable_heading":"default","ocean_post_title":"","ocean_post_subheading":"","ocean_post_title_style":"","ocean_post_title_background_color":"","ocean_post_title_background":0,"ocean_post_title_bg_image_position":"","ocean_post_title_bg_image_attachment":"","ocean_post_title_bg_image_repeat":"","ocean_post_title_bg_image_size":"","ocean_post_title_height":0,"ocean_post_title_bg_overlay":0.5,"ocean_post_title_bg_overlay_color":"","ocean_disable_breadcrumbs":"default","ocean_breadcrumbs_color":"","ocean_breadcrumbs_separator_color":"","ocean_breadcrumbs_links_color":"","ocean_breadcrumbs_links_hover_color":"","ocean_display_footer_widgets":"default","ocean_display_footer_bottom":"default","ocean_custom_footer_template":"","ocean_post_oembed":"","ocean_post_self_hosted_media":"","ocean_post_video_embed":"","ocean_link_format":"","ocean_link_format_target":"self","ocean_quote_format":"","ocean_quote_format_link":"post","ocean_gallery_link_images":"on","ocean_gallery_id":[],"footnotes":""},"categories":[6],"tags":[],"class_list":["post-53295","post","type-post","status-publish","format-standard","has-post-thumbnail","hentry","category-notas-meteorologicas","entry","has-media"],"_links":{"self":[{"href":"https:\/\/ciram.epagri.sc.gov.br\/index.php\/wp-json\/wp\/v2\/posts\/53295","targetHints":{"allow":["GET"]}}],"collection":[{"href":"https:\/\/ciram.epagri.sc.gov.br\/index.php\/wp-json\/wp\/v2\/posts"}],"about":[{"href":"https:\/\/ciram.epagri.sc.gov.br\/index.php\/wp-json\/wp\/v2\/types\/post"}],"author":[{"embeddable":true,"href":"https:\/\/ciram.epagri.sc.gov.br\/index.php\/wp-json\/wp\/v2\/users\/10"}],"replies":[{"embeddable":true,"href":"https:\/\/ciram.epagri.sc.gov.br\/index.php\/wp-json\/wp\/v2\/comments?post=53295"}],"version-history":[{"count":3,"href":"https:\/\/ciram.epagri.sc.gov.br\/index.php\/wp-json\/wp\/v2\/posts\/53295\/revisions"}],"predecessor-version":[{"id":53302,"href":"https:\/\/ciram.epagri.sc.gov.br\/index.php\/wp-json\/wp\/v2\/posts\/53295\/revisions\/53302"}],"wp:featuredmedia":[{"embeddable":true,"href":"https:\/\/ciram.epagri.sc.gov.br\/index.php\/wp-json\/wp\/v2\/media\/53301"}],"wp:attachment":[{"href":"https:\/\/ciram.epagri.sc.gov.br\/index.php\/wp-json\/wp\/v2\/media?parent=53295"}],"wp:term":[{"taxonomy":"category","embeddable":true,"href":"https:\/\/ciram.epagri.sc.gov.br\/index.php\/wp-json\/wp\/v2\/categories?post=53295"},{"taxonomy":"post_tag","embeddable":true,"href":"https:\/\/ciram.epagri.sc.gov.br\/index.php\/wp-json\/wp\/v2\/tags?post=53295"}],"curies":[{"name":"wp","href":"https:\/\/api.w.org\/{rel}","templated":true}]}}